{"id":28691,"date":"2025-04-01T10:35:54","date_gmt":"2025-04-01T08:35:54","guid":{"rendered":"https:\/\/korner.eu\/?p=28691"},"modified":"2025-06-06T13:25:53","modified_gmt":"2025-06-06T11:25:53","slug":"besuch-der-arbeitgeberorganisation-der-region-lebus-bei-poli-eco","status":"publish","type":"post","link":"https:\/\/korner.eu\/de\/besuch-der-arbeitgeberorganisation-der-region-lebus-bei-poli-eco\/","title":{"rendered":"Der Wettbewerb, organisiert vom Amt des Marschalls der Woiwodschaft Lebus"},"content":{"rendered":"<div class=\"row column default-GB clearfix\">\n<p>Wir freuen uns, Ihnen mitteilen zu k\u00f6nnen, dass unser Unternehmen zu den 12 Gewinnern des vom Lubuski Urz\u0105d Marsza\u0142kowski (Amt des Marschalls der Woiwodschaft Lebus) organisierten Wettbewerbs geh\u00f6rt und den 3. Platz belegt hat!<\/p>\n<\/div><div class=\"row column default-GB clearfix\">\n\n<\/div><div class=\"row column default-GB clearfix\">\n<p>Der Wirtschaftspreis des Marschalls der Woiwodschaft Lebus f\u00fcr den Zeitraum 2021-2023 wurde in der Kategorie &#8222;Innovatives mittelst\u00e4ndisches Unternehmen&#8220; verliehen.<\/p>\n<\/div><div class=\"row column default-GB clearfix\">\n\n<\/div><div class=\"row column default-GB clearfix\">\n<p>Die letzten Jahre waren eine Zeit gro\u00dfer Herausforderungen, Investitionen und dynamischer Entwicklung. Von einem Hersteller von Sockelleisten und erg\u00e4nzenden Elementen entwickeln wir uns hin zu innovativen Produkten wie SPC-Boden- und Wandpaneelen, die neue M\u00e4rkte und M\u00f6glichkeiten f\u00fcr die Marke Korner er\u00f6ffnen.<\/p>\n<\/div><div class=\"row column default-GB clearfix\">\n\n<\/div><div class=\"row column default-GB clearfix\">\n<p>Diese Auszeichnung ist das Ergebnis harter Arbeit und des Engagements aller Mitarbeiter von Poli-Eco. Wir danken Ihnen f\u00fcr Ihren Beitrag zu unserem gemeinsamen Erfolg!<\/p>\n<\/div><div class=\"row column default-GB clearfix\">\n\n<\/div><div class=\"row column default-GB clearfix\">\n<p>Wir laden Sie ein, sich ein kurzes Video \u00fcber unser Unternehmen anzusehen:<\/p>\n<\/div><div class=\"row column default-GB clearfix\">\n\n<\/div><div class=\"row column default-GB clearfix\">\n<p>Poli-Eco Video: <a href=\"https:\/\/drive.google.com\/file\/d\/1rI_CipAcjN3Ayo5MJTckLjzGB731bSpA\/view?fbclid=IwZXh0bgNhZW0CMTAAAR28JZQ3VnzQri6gu2TkOw8mSFXU6baQQt7vGftHqM1wOHsH7SuK0ZHuxwY_aem_reptustJwpEO5WGbrtRo_Q\">https:\/\/drive.google.com\/\u2026\/1rI\u2026\/view<\/a><\/p>\n<\/div><div class=\"row column default-GB clearfix\">\n\n<\/div><div class=\"row column default-GB clearfix\">\n<p>Thank you for being with us!<\/p>\n<\/div><div class=\"row column default-GB clearfix\">\n\n<\/div><div class=\"row column default-GB clearfix\">\n\t\t \t<div class=\"item\" style=\"background-color:#ffffff;padding: 0px 0px 0px 0px;\">            \n\t      <div class=\"clearfix\" >\n\n\t        <ul id=\"gwts-gwl-img-gallery25622\" class=\"gwts-gwl-slidergal list-unstyled cS-hidden\" data-litebx=\"true\">\n\t\t\t\t    \n\t\t\t\t\t \t\t<li data-thumb=\"https:\/\/korner.eu\/wp-content\/uploads\/2024\/12\/469699238_558002793674235_5991250948246594320_n-150x150.jpg\" data-responsive=\"https:\/\/korner.eu\/wp-content\/uploads\/2024\/12\/469699238_558002793674235_5991250948246594320_n-150x150.jpg\" data-src=\"https:\/\/korner.eu\/wp-content\/uploads\/2024\/12\/469699238_558002793674235_5991250948246594320_n.jpg\" class=\"\"> \n              \t<img decoding=\"async\" src=\"https:\/\/korner.eu\/wp-content\/uploads\/2024\/12\/469699238_558002793674235_5991250948246594320_n.jpg\" alt=\"\" \/>\n              \t\t              <\/li>\n\t\t\t\t\t \t\n\t\t\t\t\t \t\t<li data-thumb=\"https:\/\/korner.eu\/wp-content\/uploads\/2024\/12\/469909785_558699270271254_273554192045447550_n-150x150.jpg\" data-responsive=\"https:\/\/korner.eu\/wp-content\/uploads\/2024\/12\/469909785_558699270271254_273554192045447550_n-150x150.jpg\" data-src=\"https:\/\/korner.eu\/wp-content\/uploads\/2024\/12\/469909785_558699270271254_273554192045447550_n.jpg\" class=\"\"> \n              \t<img decoding=\"async\" src=\"https:\/\/korner.eu\/wp-content\/uploads\/2024\/12\/469909785_558699270271254_273554192045447550_n.jpg\" alt=\"\" \/>\n              \t\t              <\/li>\n\t\t\t\t\t \t\n\t\t\t\t\t \t\t<li data-thumb=\"https:\/\/korner.eu\/wp-content\/uploads\/2024\/12\/469697488_558699266937921_5309058167194751938_n-150x150.jpg\" data-responsive=\"https:\/\/korner.eu\/wp-content\/uploads\/2024\/12\/469697488_558699266937921_5309058167194751938_n-150x150.jpg\" data-src=\"https:\/\/korner.eu\/wp-content\/uploads\/2024\/12\/469697488_558699266937921_5309058167194751938_n.jpg\" class=\"\"> \n              \t<img decoding=\"async\" src=\"https:\/\/korner.eu\/wp-content\/uploads\/2024\/12\/469697488_558699266937921_5309058167194751938_n.jpg\" alt=\"\" \/>\n              \t\t              <\/li>\n\t\t\t\t\t \t\n\t\t\t\t\t \t\t<li data-thumb=\"https:\/\/korner.eu\/wp-content\/uploads\/2024\/12\/469629700_558002473674267_3107792116994939094_n-150x150.jpg\" data-responsive=\"https:\/\/korner.eu\/wp-content\/uploads\/2024\/12\/469629700_558002473674267_3107792116994939094_n-150x150.jpg\" data-src=\"https:\/\/korner.eu\/wp-content\/uploads\/2024\/12\/469629700_558002473674267_3107792116994939094_n.jpg\" class=\"\"> \n              \t<img decoding=\"async\" src=\"https:\/\/korner.eu\/wp-content\/uploads\/2024\/12\/469629700_558002473674267_3107792116994939094_n.jpg\" alt=\"\" \/>\n              \t\t              <\/li>\n\t\t\t\t\t \t\t\t\t\t\t<\/ul>\n\t\t\t\t<\/div>\n\t\t\t<\/div>\n\n\t\t\t\n\t\t\t<style type=\"text\/css\">\n\t\t\t\t.lSSlideOuter .lSSlideWrapper ul li img{\n\t\t\t\t  width: 100%;\n\t\t\t\t}\n\t\t\t\t.lightSlider li.lslide p {\n                 position: absolute;\n                 bottom: 0;color: #fff;\n                 padding: 10px;\n                 background: rgb(0 0 0 \/ 39%);\n                 width: 100%;\n\t\t\t\t text-align: center;\n\t\t\t\t font-size:20px;\n                }\n                .lightSlider li.lslide {\n                   position: relative;\n                }\n\t\t\t<\/style>\n\n\t\t\t\t\t\t\t<script>\n\t\t    \tjQuery(document).ready(function() {\n\t\t\t\t\tvar setting_download = '';\n\t\t        jQuery('#gwts-gwl-img-gallery25622').lightSlider({\n              item:1,\t\t                \n              slideMargin:10,\n              addClass:'',\n              speed:500,\n              pause:6000,\n              auto:false,\n              loop:false,\n              pager:false,\n              gallery:false,\n              thumbItem:9,\n\t    \t  controls:true,\n\t    \t   \t\t\t\t\t\t\t\n\t    \t\t\t\tresponsive : [\n\t\t            {\n\t                breakpoint:800,\n\t                settings: {\n                    item:1,\n                    slideMove:1,\n                  }\n\t\t            },\n\t\t            {\n\t                breakpoint:641,\n\t                settings: {\n                    item:1,\n                    slideMove:1,\n                  }\n\t\t            },\n\t\t            {\n\t                breakpoint:480,\n\t                settings: {\n                    item:1,\n                    slideMove:1,\n                  }\n\t\t            },\t\t\t\t\t\t           \n\t\t\t\t\t\t  ],\n\t    \t\t\t\t\tuseCSS: true,\n\t        \t\t\tcssEasing: 'ease',\n\t        \t\t\teasing: 'linear',\n\t        \t\t\tkeyPress: false,\n\t        \t\t\tslideEndAnimation: true,\n\t        \t\t\tswipeThreshold: 40,        \t\t\t\n\t\t              \tonSliderLoad: function(el) {\n\t\t\t\t\t\t\tjQuery('#gwts-gwl-img-gallery25622').removeClass('cS-hidden');\n\t\t\t\t\t\t\tjQuery('#gwts-gwl-img-gallery25622').addClass('gwts-loaded');\n\t\t\t\t\t\t\t\n\t\t\t\t\t\t\tvar lithbox = jQuery('#gwts-gwl-img-gallery25622').attr(\"data-litebx\");\n\t\t\t\t\t\t\tif(lithbox=='true'){\n\t\t\t\t\t\t\t\tel.lightGallery({\n\t\t\t\t\t\t\t\t\tdownload: setting_download,\n\t\t\t\t\t\t\t\t\tselector: '#gwts-gwl-img-gallery25622 .lslide'\n\t\t\t\t\t\t\t\t});\n\t\t\t\t\t\t\t}\t\n\t\t              \t}  \n\t\t\t        });\n\t\t\t\t\t});\n\t\t    \t\t\t\t<\/script>\n\t\t \n<\/div><div class=\"row column default-GB clearfix\">\n\n<\/div><div class=\"row column default-GB clearfix\">\n<div style=\"height:101px\" aria-hidden=\"true\" class=\"wp-block-spacer\"><\/div>\n<\/div>","protected":false},"excerpt":{"rendered":"<p>Wir freuen uns, Ihnen mitteilen zu k\u00f6nnen, dass unser Unternehmen zu den 12 Gewinnern des vom Lubuski Urz\u0105d Marsza\u0142kowski (Amt des Marschalls der Woiwodschaft Lebus) organisierten Wettbewerbs geh\u00f6rt und den 3. Platz belegt hat! Der Wirtschaftspreis des Marschalls der Woiwodschaft Lebus f\u00fcr den Zeitraum 2021-2023 wurde in der Kategorie &#8222;Innovatives mittelst\u00e4ndisches Unternehmen&#8220; verliehen. Die letzten [&hellip;]<\/p>\n","protected":false},"author":5,"featured_media":25614,"comment_status":"open","ping_status":"open","sticky":false,"template":"","format":"standard","meta":{"_acf_changed":false,"footnotes":""},"categories":[50],"tags":[],"class_list":["post-28691","post","type-post","status-publish","format-standard","has-post-thumbnail","hentry","category-unkategorisiert"],"acf":[],"yoast_head":"<!-- This site is optimized with the Yoast SEO plugin v24.3 - https:\/\/yoast.com\/wordpress\/plugins\/seo\/ -->\n<title>Der Wettbewerb, organisiert vom Amt des Marschalls der Woiwodschaft Lebus - Korner<\/title>\n<meta name=\"robots\" content=\"index, follow, max-snippet:-1, max-image-preview:large, max-video-preview:-1\" \/>\n<link rel=\"canonical\" href=\"https:\/\/korner.eu\/de\/besuch-der-arbeitgeberorganisation-der-region-lebus-bei-poli-eco\/\" \/>\n<meta property=\"og:locale\" content=\"de_DE\" \/>\n<meta property=\"og:type\" content=\"article\" \/>\n<meta property=\"og:title\" content=\"Der Wettbewerb, organisiert vom Amt des Marschalls der Woiwodschaft Lebus - Korner\" \/>\n<meta property=\"og:description\" content=\"Wir freuen uns, Ihnen mitteilen zu k\u00f6nnen, dass unser Unternehmen zu den 12 Gewinnern des vom Lubuski Urz\u0105d Marsza\u0142kowski (Amt des Marschalls der Woiwodschaft Lebus) organisierten Wettbewerbs geh\u00f6rt und den 3. Platz belegt hat! Der Wirtschaftspreis des Marschalls der Woiwodschaft Lebus f\u00fcr den Zeitraum 2021-2023 wurde in der Kategorie &#8222;Innovatives mittelst\u00e4ndisches Unternehmen&#8220; verliehen. Die letzten [&hellip;]\" \/>\n<meta property=\"og:url\" content=\"https:\/\/korner.eu\/de\/besuch-der-arbeitgeberorganisation-der-region-lebus-bei-poli-eco\/\" \/>\n<meta property=\"og:site_name\" content=\"Korner\" \/>\n<meta property=\"article:publisher\" content=\"https:\/\/www.facebook.com\/korner.producent\/\" \/>\n<meta property=\"article:published_time\" content=\"2025-04-01T08:35:54+00:00\" \/>\n<meta property=\"article:modified_time\" content=\"2025-06-06T11:25:53+00:00\" \/>\n<meta property=\"og:image\" content=\"https:\/\/korner.eu\/wp-content\/uploads\/2024\/12\/469699238_558002793674235_5991250948246594320_n.jpg\" \/>\n\t<meta property=\"og:image:width\" content=\"1536\" \/>\n\t<meta property=\"og:image:height\" content=\"1920\" \/>\n\t<meta property=\"og:image:type\" content=\"image\/jpeg\" \/>\n<meta name=\"author\" content=\"korner-admin\" \/>\n<meta name=\"twitter:card\" content=\"summary_large_image\" \/>\n<meta name=\"twitter:label1\" content=\"Verfasst von\" \/>\n\t<meta name=\"twitter:data1\" content=\"korner-admin\" \/>\n\t<meta name=\"twitter:label2\" content=\"Gesch\u00e4tzte Lesezeit\" \/>\n\t<meta name=\"twitter:data2\" content=\"1\u00a0Minute\" \/>\n<script type=\"application\/ld+json\" class=\"yoast-schema-graph\">{\"@context\":\"https:\/\/schema.org\",\"@graph\":[{\"@type\":\"Article\",\"@id\":\"https:\/\/korner.eu\/de\/besuch-der-arbeitgeberorganisation-der-region-lebus-bei-poli-eco\/#article\",\"isPartOf\":{\"@id\":\"https:\/\/korner.eu\/de\/besuch-der-arbeitgeberorganisation-der-region-lebus-bei-poli-eco\/\"},\"author\":{\"name\":\"korner-admin\",\"@id\":\"https:\/\/korner.eu\/de\/#\/schema\/person\/7823162edb4d5e24a5245bc2966cf277\"},\"headline\":\"Der Wettbewerb, organisiert vom Amt des Marschalls der Woiwodschaft Lebus\",\"datePublished\":\"2025-04-01T08:35:54+00:00\",\"dateModified\":\"2025-06-06T11:25:53+00:00\",\"mainEntityOfPage\":{\"@id\":\"https:\/\/korner.eu\/de\/besuch-der-arbeitgeberorganisation-der-region-lebus-bei-poli-eco\/\"},\"wordCount\":170,\"commentCount\":0,\"publisher\":{\"@id\":\"https:\/\/korner.eu\/de\/#organization\"},\"image\":{\"@id\":\"https:\/\/korner.eu\/de\/besuch-der-arbeitgeberorganisation-der-region-lebus-bei-poli-eco\/#primaryimage\"},\"thumbnailUrl\":\"https:\/\/korner.eu\/wp-content\/uploads\/2024\/12\/469699238_558002793674235_5991250948246594320_n.jpg\",\"articleSection\":[\"Unkategorisiert\"],\"inLanguage\":\"de\",\"potentialAction\":[{\"@type\":\"CommentAction\",\"name\":\"Comment\",\"target\":[\"https:\/\/korner.eu\/de\/besuch-der-arbeitgeberorganisation-der-region-lebus-bei-poli-eco\/#respond\"]}]},{\"@type\":\"WebPage\",\"@id\":\"https:\/\/korner.eu\/de\/besuch-der-arbeitgeberorganisation-der-region-lebus-bei-poli-eco\/\",\"url\":\"https:\/\/korner.eu\/de\/besuch-der-arbeitgeberorganisation-der-region-lebus-bei-poli-eco\/\",\"name\":\"Der Wettbewerb, organisiert vom Amt des Marschalls der Woiwodschaft Lebus - Korner\",\"isPartOf\":{\"@id\":\"https:\/\/korner.eu\/de\/#website\"},\"primaryImageOfPage\":{\"@id\":\"https:\/\/korner.eu\/de\/besuch-der-arbeitgeberorganisation-der-region-lebus-bei-poli-eco\/#primaryimage\"},\"image\":{\"@id\":\"https:\/\/korner.eu\/de\/besuch-der-arbeitgeberorganisation-der-region-lebus-bei-poli-eco\/#primaryimage\"},\"thumbnailUrl\":\"https:\/\/korner.eu\/wp-content\/uploads\/2024\/12\/469699238_558002793674235_5991250948246594320_n.jpg\",\"datePublished\":\"2025-04-01T08:35:54+00:00\",\"dateModified\":\"2025-06-06T11:25:53+00:00\",\"breadcrumb\":{\"@id\":\"https:\/\/korner.eu\/de\/besuch-der-arbeitgeberorganisation-der-region-lebus-bei-poli-eco\/#breadcrumb\"},\"inLanguage\":\"de\",\"potentialAction\":[{\"@type\":\"ReadAction\",\"target\":[\"https:\/\/korner.eu\/de\/besuch-der-arbeitgeberorganisation-der-region-lebus-bei-poli-eco\/\"]}]},{\"@type\":\"ImageObject\",\"inLanguage\":\"de\",\"@id\":\"https:\/\/korner.eu\/de\/besuch-der-arbeitgeberorganisation-der-region-lebus-bei-poli-eco\/#primaryimage\",\"url\":\"https:\/\/korner.eu\/wp-content\/uploads\/2024\/12\/469699238_558002793674235_5991250948246594320_n.jpg\",\"contentUrl\":\"https:\/\/korner.eu\/wp-content\/uploads\/2024\/12\/469699238_558002793674235_5991250948246594320_n.jpg\",\"width\":1536,\"height\":1920},{\"@type\":\"BreadcrumbList\",\"@id\":\"https:\/\/korner.eu\/de\/besuch-der-arbeitgeberorganisation-der-region-lebus-bei-poli-eco\/#breadcrumb\",\"itemListElement\":[{\"@type\":\"ListItem\",\"position\":1,\"name\":\"Strona g\u0142\u00f3wna\",\"item\":\"https:\/\/korner.eu\/de\/\"},{\"@type\":\"ListItem\",\"position\":2,\"name\":\"Der Wettbewerb, organisiert vom Amt des Marschalls der Woiwodschaft Lebus\"}]},{\"@type\":\"WebSite\",\"@id\":\"https:\/\/korner.eu\/de\/#website\",\"url\":\"https:\/\/korner.eu\/de\/\",\"name\":\"Korner\",\"description\":\"\",\"publisher\":{\"@id\":\"https:\/\/korner.eu\/de\/#organization\"},\"potentialAction\":[{\"@type\":\"SearchAction\",\"target\":{\"@type\":\"EntryPoint\",\"urlTemplate\":\"https:\/\/korner.eu\/de\/?s={search_term_string}\"},\"query-input\":{\"@type\":\"PropertyValueSpecification\",\"valueRequired\":true,\"valueName\":\"search_term_string\"}}],\"inLanguage\":\"de\"},{\"@type\":\"Organization\",\"@id\":\"https:\/\/korner.eu\/de\/#organization\",\"name\":\"Poli-Eco Tworzywa Sztuczne Sp. z o.o.\",\"url\":\"https:\/\/korner.eu\/de\/\",\"logo\":{\"@type\":\"ImageObject\",\"inLanguage\":\"de\",\"@id\":\"https:\/\/korner.eu\/de\/#\/schema\/logo\/image\/\",\"url\":\"https:\/\/korner.eu\/wp-content\/uploads\/2020\/03\/logo.png\",\"contentUrl\":\"https:\/\/korner.eu\/wp-content\/uploads\/2020\/03\/logo.png\",\"width\":180,\"height\":48,\"caption\":\"Poli-Eco Tworzywa Sztuczne Sp. z o.o.\"},\"image\":{\"@id\":\"https:\/\/korner.eu\/de\/#\/schema\/logo\/image\/\"},\"sameAs\":[\"https:\/\/www.facebook.com\/korner.producent\/\",\"https:\/\/www.instagram.com\/korner.producer\/\",\"https:\/\/www.linkedin.com\/in\/korner-producer\/\"]},{\"@type\":\"Person\",\"@id\":\"https:\/\/korner.eu\/de\/#\/schema\/person\/7823162edb4d5e24a5245bc2966cf277\",\"name\":\"korner-admin\",\"image\":{\"@type\":\"ImageObject\",\"inLanguage\":\"de\",\"@id\":\"https:\/\/korner.eu\/de\/#\/schema\/person\/image\/\",\"url\":\"https:\/\/secure.gravatar.com\/avatar\/6ddbafb509e3a8fb21daf5e4493783ee?s=96&d=mm&r=g\",\"contentUrl\":\"https:\/\/secure.gravatar.com\/avatar\/6ddbafb509e3a8fb21daf5e4493783ee?s=96&d=mm&r=g\",\"caption\":\"korner-admin\"},\"url\":\"https:\/\/korner.eu\/de\/author\/korner-admin\/\"}]}<\/script>\n<!-- \/ Yoast SEO plugin. -->","yoast_head_json":{"title":"Der Wettbewerb, organisiert vom Amt des Marschalls der Woiwodschaft Lebus - Korner","robots":{"index":"index","follow":"follow","max-snippet":"max-snippet:-1","max-image-preview":"max-image-preview:large","max-video-preview":"max-video-preview:-1"},"canonical":"https:\/\/korner.eu\/de\/besuch-der-arbeitgeberorganisation-der-region-lebus-bei-poli-eco\/","og_locale":"de_DE","og_type":"article","og_title":"Der Wettbewerb, organisiert vom Amt des Marschalls der Woiwodschaft Lebus - Korner","og_description":"Wir freuen uns, Ihnen mitteilen zu k\u00f6nnen, dass unser Unternehmen zu den 12 Gewinnern des vom Lubuski Urz\u0105d Marsza\u0142kowski (Amt des Marschalls der Woiwodschaft Lebus) organisierten Wettbewerbs geh\u00f6rt und den 3. Platz belegt hat! Der Wirtschaftspreis des Marschalls der Woiwodschaft Lebus f\u00fcr den Zeitraum 2021-2023 wurde in der Kategorie &#8222;Innovatives mittelst\u00e4ndisches Unternehmen&#8220; verliehen. Die letzten [&hellip;]","og_url":"https:\/\/korner.eu\/de\/besuch-der-arbeitgeberorganisation-der-region-lebus-bei-poli-eco\/","og_site_name":"Korner","article_publisher":"https:\/\/www.facebook.com\/korner.producent\/","article_published_time":"2025-04-01T08:35:54+00:00","article_modified_time":"2025-06-06T11:25:53+00:00","og_image":[{"width":1536,"height":1920,"url":"https:\/\/korner.eu\/wp-content\/uploads\/2024\/12\/469699238_558002793674235_5991250948246594320_n.jpg","type":"image\/jpeg"}],"author":"korner-admin","twitter_card":"summary_large_image","twitter_misc":{"Verfasst von":"korner-admin","Gesch\u00e4tzte Lesezeit":"1\u00a0Minute"},"schema":{"@context":"https:\/\/schema.org","@graph":[{"@type":"Article","@id":"https:\/\/korner.eu\/de\/besuch-der-arbeitgeberorganisation-der-region-lebus-bei-poli-eco\/#article","isPartOf":{"@id":"https:\/\/korner.eu\/de\/besuch-der-arbeitgeberorganisation-der-region-lebus-bei-poli-eco\/"},"author":{"name":"korner-admin","@id":"https:\/\/korner.eu\/de\/#\/schema\/person\/7823162edb4d5e24a5245bc2966cf277"},"headline":"Der Wettbewerb, organisiert vom Amt des Marschalls der Woiwodschaft Lebus","datePublished":"2025-04-01T08:35:54+00:00","dateModified":"2025-06-06T11:25:53+00:00","mainEntityOfPage":{"@id":"https:\/\/korner.eu\/de\/besuch-der-arbeitgeberorganisation-der-region-lebus-bei-poli-eco\/"},"wordCount":170,"commentCount":0,"publisher":{"@id":"https:\/\/korner.eu\/de\/#organization"},"image":{"@id":"https:\/\/korner.eu\/de\/besuch-der-arbeitgeberorganisation-der-region-lebus-bei-poli-eco\/#primaryimage"},"thumbnailUrl":"https:\/\/korner.eu\/wp-content\/uploads\/2024\/12\/469699238_558002793674235_5991250948246594320_n.jpg","articleSection":["Unkategorisiert"],"inLanguage":"de","potentialAction":[{"@type":"CommentAction","name":"Comment","target":["https:\/\/korner.eu\/de\/besuch-der-arbeitgeberorganisation-der-region-lebus-bei-poli-eco\/#respond"]}]},{"@type":"WebPage","@id":"https:\/\/korner.eu\/de\/besuch-der-arbeitgeberorganisation-der-region-lebus-bei-poli-eco\/","url":"https:\/\/korner.eu\/de\/besuch-der-arbeitgeberorganisation-der-region-lebus-bei-poli-eco\/","name":"Der Wettbewerb, organisiert vom Amt des Marschalls der Woiwodschaft Lebus - Korner","isPartOf":{"@id":"https:\/\/korner.eu\/de\/#website"},"primaryImageOfPage":{"@id":"https:\/\/korner.eu\/de\/besuch-der-arbeitgeberorganisation-der-region-lebus-bei-poli-eco\/#primaryimage"},"image":{"@id":"https:\/\/korner.eu\/de\/besuch-der-arbeitgeberorganisation-der-region-lebus-bei-poli-eco\/#primaryimage"},"thumbnailUrl":"https:\/\/korner.eu\/wp-content\/uploads\/2024\/12\/469699238_558002793674235_5991250948246594320_n.jpg","datePublished":"2025-04-01T08:35:54+00:00","dateModified":"2025-06-06T11:25:53+00:00","breadcrumb":{"@id":"https:\/\/korner.eu\/de\/besuch-der-arbeitgeberorganisation-der-region-lebus-bei-poli-eco\/#breadcrumb"},"inLanguage":"de","potentialAction":[{"@type":"ReadAction","target":["https:\/\/korner.eu\/de\/besuch-der-arbeitgeberorganisation-der-region-lebus-bei-poli-eco\/"]}]},{"@type":"ImageObject","inLanguage":"de","@id":"https:\/\/korner.eu\/de\/besuch-der-arbeitgeberorganisation-der-region-lebus-bei-poli-eco\/#primaryimage","url":"https:\/\/korner.eu\/wp-content\/uploads\/2024\/12\/469699238_558002793674235_5991250948246594320_n.jpg","contentUrl":"https:\/\/korner.eu\/wp-content\/uploads\/2024\/12\/469699238_558002793674235_5991250948246594320_n.jpg","width":1536,"height":1920},{"@type":"BreadcrumbList","@id":"https:\/\/korner.eu\/de\/besuch-der-arbeitgeberorganisation-der-region-lebus-bei-poli-eco\/#breadcrumb","itemListElement":[{"@type":"ListItem","position":1,"name":"Strona g\u0142\u00f3wna","item":"https:\/\/korner.eu\/de\/"},{"@type":"ListItem","position":2,"name":"Der Wettbewerb, organisiert vom Amt des Marschalls der Woiwodschaft Lebus"}]},{"@type":"WebSite","@id":"https:\/\/korner.eu\/de\/#website","url":"https:\/\/korner.eu\/de\/","name":"Korner","description":"","publisher":{"@id":"https:\/\/korner.eu\/de\/#organization"},"potentialAction":[{"@type":"SearchAction","target":{"@type":"EntryPoint","urlTemplate":"https:\/\/korner.eu\/de\/?s={search_term_string}"},"query-input":{"@type":"PropertyValueSpecification","valueRequired":true,"valueName":"search_term_string"}}],"inLanguage":"de"},{"@type":"Organization","@id":"https:\/\/korner.eu\/de\/#organization","name":"Poli-Eco Tworzywa Sztuczne Sp. z o.o.","url":"https:\/\/korner.eu\/de\/","logo":{"@type":"ImageObject","inLanguage":"de","@id":"https:\/\/korner.eu\/de\/#\/schema\/logo\/image\/","url":"https:\/\/korner.eu\/wp-content\/uploads\/2020\/03\/logo.png","contentUrl":"https:\/\/korner.eu\/wp-content\/uploads\/2020\/03\/logo.png","width":180,"height":48,"caption":"Poli-Eco Tworzywa Sztuczne Sp. z o.o."},"image":{"@id":"https:\/\/korner.eu\/de\/#\/schema\/logo\/image\/"},"sameAs":["https:\/\/www.facebook.com\/korner.producent\/","https:\/\/www.instagram.com\/korner.producer\/","https:\/\/www.linkedin.com\/in\/korner-producer\/"]},{"@type":"Person","@id":"https:\/\/korner.eu\/de\/#\/schema\/person\/7823162edb4d5e24a5245bc2966cf277","name":"korner-admin","image":{"@type":"ImageObject","inLanguage":"de","@id":"https:\/\/korner.eu\/de\/#\/schema\/person\/image\/","url":"https:\/\/secure.gravatar.com\/avatar\/6ddbafb509e3a8fb21daf5e4493783ee?s=96&d=mm&r=g","contentUrl":"https:\/\/secure.gravatar.com\/avatar\/6ddbafb509e3a8fb21daf5e4493783ee?s=96&d=mm&r=g","caption":"korner-admin"},"url":"https:\/\/korner.eu\/de\/author\/korner-admin\/"}]}},"_links":{"self":[{"href":"https:\/\/korner.eu\/de\/wp-json\/wp\/v2\/posts\/28691","targetHints":{"allow":["GET"]}}],"collection":[{"href":"https:\/\/korner.eu\/de\/wp-json\/wp\/v2\/posts"}],"about":[{"href":"https:\/\/korner.eu\/de\/wp-json\/wp\/v2\/types\/post"}],"author":[{"embeddable":true,"href":"https:\/\/korner.eu\/de\/wp-json\/wp\/v2\/users\/5"}],"replies":[{"embeddable":true,"href":"https:\/\/korner.eu\/de\/wp-json\/wp\/v2\/comments?post=28691"}],"version-history":[{"count":4,"href":"https:\/\/korner.eu\/de\/wp-json\/wp\/v2\/posts\/28691\/revisions"}],"predecessor-version":[{"id":29907,"href":"https:\/\/korner.eu\/de\/wp-json\/wp\/v2\/posts\/28691\/revisions\/29907"}],"wp:featuredmedia":[{"embeddable":true,"href":"https:\/\/korner.eu\/de\/wp-json\/wp\/v2\/media\/25614"}],"wp:attachment":[{"href":"https:\/\/korner.eu\/de\/wp-json\/wp\/v2\/media?parent=28691"}],"wp:term":[{"taxonomy":"category","embeddable":true,"href":"https:\/\/korner.eu\/de\/wp-json\/wp\/v2\/categories?post=28691"},{"taxonomy":"post_tag","embeddable":true,"href":"https:\/\/korner.eu\/de\/wp-json\/wp\/v2\/tags?post=28691"}],"curies":[{"name":"wp","href":"https:\/\/api.w.org\/{rel}","templated":true}]}}