{"id":20230,"date":"2023-02-20T11:14:36","date_gmt":"2023-02-20T10:14:36","guid":{"rendered":"https:\/\/korner.eu\/?p=20230"},"modified":"2023-02-20T11:14:38","modified_gmt":"2023-02-20T10:14:38","slug":"neue-bodenkollektion-natural-floor","status":"publish","type":"post","link":"https:\/\/korner.eu\/de\/neue-bodenkollektion-natural-floor\/","title":{"rendered":"Neue Bodenkollektion &#8211; Natural Floor"},"content":{"rendered":"<div class=\"row column default-GB clearfix\">\n<p id=\"tw-target-text\"><strong>Sehen Sie sich<\/strong> <strong>unsere neue Bodenkollektion Natural Floor an!<\/strong><\/p>\n<\/div><div class=\"row column default-GB clearfix\">\n\n<\/div><div class=\"row column default-GB clearfix\">\n<p id=\"tw-target-text\">SPC-Vinylb\u00f6den mit mineralischem Kern, ideal f\u00fcr jedes Interieur.   <img decoding=\"async\" width=\"16\" height=\"16\" alt=\"\ud83d\ude42\" src=\"https:\/\/static.xx.fbcdn.net\/images\/emoji.php\/v9\/t4c\/1\/16\/1f642.png\">  <\/p>\n<\/div><div class=\"row column default-GB clearfix\">\n\n<\/div><div class=\"row column default-GB clearfix\">\n<p id=\"tw-target-text\">Inspiriert von der nat\u00fcrlichen Sch\u00f6nheit des Waldes, mit ged\u00e4mpften Farben und sorgf\u00e4ltig reproduzierter Holzstruktur. V\u00f6llig \u00f6kologisch, umweltfreundlich und sicher in der Anwendung f\u00fcr alle Haushaltsmitglieder.<\/p>\n<\/div><div class=\"row column default-GB clearfix\">\n\n<\/div><div class=\"row column default-GB clearfix\">\n<p id=\"tw-target-text\">Wasserdichte Paneele f\u00fcr Fu\u00dfbodenheizung, 4 mm dick.<\/p>\n<\/div><div class=\"row column default-GB clearfix\">\n\n<\/div><div class=\"row column default-GB clearfix\">\n<p id=\"tw-target-text\">Mehr Informationen &#8211;> <a href=\"https:\/\/korner.eu\/de\/produkte\/natural-floor\/\">https:\/\/korner.eu\/de\/produkte\/natural-floor\/<\/a><\/p>\n<\/div><div class=\"row column default-GB clearfix\">\n\n<\/div><div class=\"row column default-GB clearfix\">\n<figure class=\"wp-block-gallery columns-1 is-cropped wp-block-gallery-1 is-layout-flex wp-block-gallery-is-layout-flex\"><ul class=\"blocks-gallery-grid\"><li class=\"blocks-gallery-item\"><figure><a href=\"https:\/\/korner.eu\/wp-content\/uploads\/2023\/01\/NATURAL-grafika-tytulowa-e1674568511497.jpg\"><img decoding=\"async\" src=\"https:\/\/korner.eu\/wp-content\/uploads\/2023\/01\/NATURAL-grafika-tytulowa-1024x556.jpg\" alt=\"\" data-id=\"19907\" data-full-url=\"https:\/\/korner.eu\/wp-content\/uploads\/2023\/01\/NATURAL-grafika-tytulowa-e1674568511497.jpg\" data-link=\"https:\/\/korner.eu\/ru\/products\/natural-floor-2\/natural-grafika-tytulowa-2\/\" class=\"wp-image-19907\"\/><\/a><\/figure><\/li><\/ul><\/figure>\n<\/div>","protected":false},"excerpt":{"rendered":"<p>Sehen Sie sich unsere neue Bodenkollektion Natural Floor an! SPC-Vinylb\u00f6den mit mineralischem Kern, ideal f\u00fcr jedes Interieur. Inspiriert von der nat\u00fcrlichen Sch\u00f6nheit des Waldes, mit ged\u00e4mpften Farben und sorgf\u00e4ltig reproduzierter Holzstruktur. V\u00f6llig \u00f6kologisch, umweltfreundlich und sicher in der Anwendung f\u00fcr alle Haushaltsmitglieder. Wasserdichte Paneele f\u00fcr Fu\u00dfbodenheizung, 4 mm dick. Mehr Informationen &#8211;> https:\/\/korner.eu\/de\/produkte\/natural-floor\/<\/p>\n","protected":false},"author":5,"featured_media":20232,"comment_status":"open","ping_status":"open","sticky":false,"template":"","format":"standard","meta":{"_acf_changed":false,"footnotes":""},"categories":[50],"tags":[],"class_list":["post-20230","post","type-post","status-publish","format-standard","has-post-thumbnail","hentry","category-unkategorisiert"],"acf":[],"yoast_head":"<!-- This site is optimized with the Yoast SEO plugin v24.3 - https:\/\/yoast.com\/wordpress\/plugins\/seo\/ -->\n<title>Neue Bodenkollektion - Natural Floor - Korner<\/title>\n<meta name=\"robots\" content=\"index, follow, max-snippet:-1, max-image-preview:large, max-video-preview:-1\" \/>\n<link rel=\"canonical\" href=\"https:\/\/korner.eu\/de\/neue-bodenkollektion-natural-floor\/\" \/>\n<meta property=\"og:locale\" content=\"de_DE\" \/>\n<meta property=\"og:type\" content=\"article\" \/>\n<meta property=\"og:title\" content=\"Neue Bodenkollektion - Natural Floor - Korner\" \/>\n<meta property=\"og:description\" content=\"Sehen Sie sich unsere neue Bodenkollektion Natural Floor an! SPC-Vinylb\u00f6den mit mineralischem Kern, ideal f\u00fcr jedes Interieur. Inspiriert von der nat\u00fcrlichen Sch\u00f6nheit des Waldes, mit ged\u00e4mpften Farben und sorgf\u00e4ltig reproduzierter Holzstruktur. V\u00f6llig \u00f6kologisch, umweltfreundlich und sicher in der Anwendung f\u00fcr alle Haushaltsmitglieder. Wasserdichte Paneele f\u00fcr Fu\u00dfbodenheizung, 4 mm dick. Mehr Informationen &#8211;&gt; https:\/\/korner.eu\/de\/produkte\/natural-floor\/\" \/>\n<meta property=\"og:url\" content=\"https:\/\/korner.eu\/de\/neue-bodenkollektion-natural-floor\/\" \/>\n<meta property=\"og:site_name\" content=\"Korner\" \/>\n<meta property=\"article:publisher\" content=\"https:\/\/www.facebook.com\/korner.producent\/\" \/>\n<meta property=\"article:published_time\" content=\"2023-02-20T10:14:36+00:00\" \/>\n<meta property=\"article:modified_time\" content=\"2023-02-20T10:14:38+00:00\" \/>\n<meta property=\"og:image\" content=\"https:\/\/korner.eu\/wp-content\/uploads\/2023\/02\/Natural-aktualnosci-DE.jpg\" \/>\n\t<meta property=\"og:image:width\" content=\"940\" \/>\n\t<meta property=\"og:image:height\" content=\"788\" \/>\n\t<meta property=\"og:image:type\" content=\"image\/jpeg\" \/>\n<meta name=\"author\" content=\"korner-admin\" \/>\n<meta name=\"twitter:card\" content=\"summary_large_image\" \/>\n<meta name=\"twitter:label1\" content=\"Verfasst von\" \/>\n\t<meta name=\"twitter:data1\" content=\"korner-admin\" \/>\n\t<meta name=\"twitter:label2\" content=\"Gesch\u00e4tzte Lesezeit\" \/>\n\t<meta name=\"twitter:data2\" content=\"1\u00a0Minute\" \/>\n<script type=\"application\/ld+json\" class=\"yoast-schema-graph\">{\"@context\":\"https:\/\/schema.org\",\"@graph\":[{\"@type\":\"Article\",\"@id\":\"https:\/\/korner.eu\/de\/neue-bodenkollektion-natural-floor\/#article\",\"isPartOf\":{\"@id\":\"https:\/\/korner.eu\/de\/neue-bodenkollektion-natural-floor\/\"},\"author\":{\"name\":\"korner-admin\",\"@id\":\"https:\/\/korner.eu\/de\/#\/schema\/person\/7823162edb4d5e24a5245bc2966cf277\"},\"headline\":\"Neue Bodenkollektion &#8211; Natural Floor\",\"datePublished\":\"2023-02-20T10:14:36+00:00\",\"dateModified\":\"2023-02-20T10:14:38+00:00\",\"mainEntityOfPage\":{\"@id\":\"https:\/\/korner.eu\/de\/neue-bodenkollektion-natural-floor\/\"},\"wordCount\":72,\"commentCount\":0,\"publisher\":{\"@id\":\"https:\/\/korner.eu\/de\/#organization\"},\"image\":{\"@id\":\"https:\/\/korner.eu\/de\/neue-bodenkollektion-natural-floor\/#primaryimage\"},\"thumbnailUrl\":\"https:\/\/korner.eu\/wp-content\/uploads\/2023\/02\/Natural-aktualnosci-DE.jpg\",\"articleSection\":[\"Unkategorisiert\"],\"inLanguage\":\"de\",\"potentialAction\":[{\"@type\":\"CommentAction\",\"name\":\"Comment\",\"target\":[\"https:\/\/korner.eu\/de\/neue-bodenkollektion-natural-floor\/#respond\"]}]},{\"@type\":\"WebPage\",\"@id\":\"https:\/\/korner.eu\/de\/neue-bodenkollektion-natural-floor\/\",\"url\":\"https:\/\/korner.eu\/de\/neue-bodenkollektion-natural-floor\/\",\"name\":\"Neue Bodenkollektion - Natural Floor - Korner\",\"isPartOf\":{\"@id\":\"https:\/\/korner.eu\/de\/#website\"},\"primaryImageOfPage\":{\"@id\":\"https:\/\/korner.eu\/de\/neue-bodenkollektion-natural-floor\/#primaryimage\"},\"image\":{\"@id\":\"https:\/\/korner.eu\/de\/neue-bodenkollektion-natural-floor\/#primaryimage\"},\"thumbnailUrl\":\"https:\/\/korner.eu\/wp-content\/uploads\/2023\/02\/Natural-aktualnosci-DE.jpg\",\"datePublished\":\"2023-02-20T10:14:36+00:00\",\"dateModified\":\"2023-02-20T10:14:38+00:00\",\"breadcrumb\":{\"@id\":\"https:\/\/korner.eu\/de\/neue-bodenkollektion-natural-floor\/#breadcrumb\"},\"inLanguage\":\"de\",\"potentialAction\":[{\"@type\":\"ReadAction\",\"target\":[\"https:\/\/korner.eu\/de\/neue-bodenkollektion-natural-floor\/\"]}]},{\"@type\":\"ImageObject\",\"inLanguage\":\"de\",\"@id\":\"https:\/\/korner.eu\/de\/neue-bodenkollektion-natural-floor\/#primaryimage\",\"url\":\"https:\/\/korner.eu\/wp-content\/uploads\/2023\/02\/Natural-aktualnosci-DE.jpg\",\"contentUrl\":\"https:\/\/korner.eu\/wp-content\/uploads\/2023\/02\/Natural-aktualnosci-DE.jpg\",\"width\":940,\"height\":788},{\"@type\":\"BreadcrumbList\",\"@id\":\"https:\/\/korner.eu\/de\/neue-bodenkollektion-natural-floor\/#breadcrumb\",\"itemListElement\":[{\"@type\":\"ListItem\",\"position\":1,\"name\":\"Strona g\u0142\u00f3wna\",\"item\":\"https:\/\/korner.eu\/de\/\"},{\"@type\":\"ListItem\",\"position\":2,\"name\":\"Neue Bodenkollektion &#8211; Natural Floor\"}]},{\"@type\":\"WebSite\",\"@id\":\"https:\/\/korner.eu\/de\/#website\",\"url\":\"https:\/\/korner.eu\/de\/\",\"name\":\"Korner\",\"description\":\"\",\"publisher\":{\"@id\":\"https:\/\/korner.eu\/de\/#organization\"},\"potentialAction\":[{\"@type\":\"SearchAction\",\"target\":{\"@type\":\"EntryPoint\",\"urlTemplate\":\"https:\/\/korner.eu\/de\/?s={search_term_string}\"},\"query-input\":{\"@type\":\"PropertyValueSpecification\",\"valueRequired\":true,\"valueName\":\"search_term_string\"}}],\"inLanguage\":\"de\"},{\"@type\":\"Organization\",\"@id\":\"https:\/\/korner.eu\/de\/#organization\",\"name\":\"Poli-Eco Tworzywa Sztuczne Sp. z o.o.\",\"url\":\"https:\/\/korner.eu\/de\/\",\"logo\":{\"@type\":\"ImageObject\",\"inLanguage\":\"de\",\"@id\":\"https:\/\/korner.eu\/de\/#\/schema\/logo\/image\/\",\"url\":\"https:\/\/korner.eu\/wp-content\/uploads\/2020\/03\/logo.png\",\"contentUrl\":\"https:\/\/korner.eu\/wp-content\/uploads\/2020\/03\/logo.png\",\"width\":180,\"height\":48,\"caption\":\"Poli-Eco Tworzywa Sztuczne Sp. z o.o.\"},\"image\":{\"@id\":\"https:\/\/korner.eu\/de\/#\/schema\/logo\/image\/\"},\"sameAs\":[\"https:\/\/www.facebook.com\/korner.producent\/\",\"https:\/\/www.instagram.com\/korner.producer\/\",\"https:\/\/www.linkedin.com\/in\/korner-producer\/\"]},{\"@type\":\"Person\",\"@id\":\"https:\/\/korner.eu\/de\/#\/schema\/person\/7823162edb4d5e24a5245bc2966cf277\",\"name\":\"korner-admin\",\"image\":{\"@type\":\"ImageObject\",\"inLanguage\":\"de\",\"@id\":\"https:\/\/korner.eu\/de\/#\/schema\/person\/image\/\",\"url\":\"https:\/\/secure.gravatar.com\/avatar\/6ddbafb509e3a8fb21daf5e4493783ee?s=96&d=mm&r=g\",\"contentUrl\":\"https:\/\/secure.gravatar.com\/avatar\/6ddbafb509e3a8fb21daf5e4493783ee?s=96&d=mm&r=g\",\"caption\":\"korner-admin\"},\"url\":\"https:\/\/korner.eu\/de\/author\/korner-admin\/\"}]}<\/script>\n<!-- \/ Yoast SEO plugin. -->","yoast_head_json":{"title":"Neue Bodenkollektion - Natural Floor - Korner","robots":{"index":"index","follow":"follow","max-snippet":"max-snippet:-1","max-image-preview":"max-image-preview:large","max-video-preview":"max-video-preview:-1"},"canonical":"https:\/\/korner.eu\/de\/neue-bodenkollektion-natural-floor\/","og_locale":"de_DE","og_type":"article","og_title":"Neue Bodenkollektion - Natural Floor - Korner","og_description":"Sehen Sie sich unsere neue Bodenkollektion Natural Floor an! SPC-Vinylb\u00f6den mit mineralischem Kern, ideal f\u00fcr jedes Interieur. Inspiriert von der nat\u00fcrlichen Sch\u00f6nheit des Waldes, mit ged\u00e4mpften Farben und sorgf\u00e4ltig reproduzierter Holzstruktur. V\u00f6llig \u00f6kologisch, umweltfreundlich und sicher in der Anwendung f\u00fcr alle Haushaltsmitglieder. Wasserdichte Paneele f\u00fcr Fu\u00dfbodenheizung, 4 mm dick. Mehr Informationen &#8211;> https:\/\/korner.eu\/de\/produkte\/natural-floor\/","og_url":"https:\/\/korner.eu\/de\/neue-bodenkollektion-natural-floor\/","og_site_name":"Korner","article_publisher":"https:\/\/www.facebook.com\/korner.producent\/","article_published_time":"2023-02-20T10:14:36+00:00","article_modified_time":"2023-02-20T10:14:38+00:00","og_image":[{"width":940,"height":788,"url":"https:\/\/korner.eu\/wp-content\/uploads\/2023\/02\/Natural-aktualnosci-DE.jpg","type":"image\/jpeg"}],"author":"korner-admin","twitter_card":"summary_large_image","twitter_misc":{"Verfasst von":"korner-admin","Gesch\u00e4tzte Lesezeit":"1\u00a0Minute"},"schema":{"@context":"https:\/\/schema.org","@graph":[{"@type":"Article","@id":"https:\/\/korner.eu\/de\/neue-bodenkollektion-natural-floor\/#article","isPartOf":{"@id":"https:\/\/korner.eu\/de\/neue-bodenkollektion-natural-floor\/"},"author":{"name":"korner-admin","@id":"https:\/\/korner.eu\/de\/#\/schema\/person\/7823162edb4d5e24a5245bc2966cf277"},"headline":"Neue Bodenkollektion &#8211; Natural Floor","datePublished":"2023-02-20T10:14:36+00:00","dateModified":"2023-02-20T10:14:38+00:00","mainEntityOfPage":{"@id":"https:\/\/korner.eu\/de\/neue-bodenkollektion-natural-floor\/"},"wordCount":72,"commentCount":0,"publisher":{"@id":"https:\/\/korner.eu\/de\/#organization"},"image":{"@id":"https:\/\/korner.eu\/de\/neue-bodenkollektion-natural-floor\/#primaryimage"},"thumbnailUrl":"https:\/\/korner.eu\/wp-content\/uploads\/2023\/02\/Natural-aktualnosci-DE.jpg","articleSection":["Unkategorisiert"],"inLanguage":"de","potentialAction":[{"@type":"CommentAction","name":"Comment","target":["https:\/\/korner.eu\/de\/neue-bodenkollektion-natural-floor\/#respond"]}]},{"@type":"WebPage","@id":"https:\/\/korner.eu\/de\/neue-bodenkollektion-natural-floor\/","url":"https:\/\/korner.eu\/de\/neue-bodenkollektion-natural-floor\/","name":"Neue Bodenkollektion - Natural Floor - Korner","isPartOf":{"@id":"https:\/\/korner.eu\/de\/#website"},"primaryImageOfPage":{"@id":"https:\/\/korner.eu\/de\/neue-bodenkollektion-natural-floor\/#primaryimage"},"image":{"@id":"https:\/\/korner.eu\/de\/neue-bodenkollektion-natural-floor\/#primaryimage"},"thumbnailUrl":"https:\/\/korner.eu\/wp-content\/uploads\/2023\/02\/Natural-aktualnosci-DE.jpg","datePublished":"2023-02-20T10:14:36+00:00","dateModified":"2023-02-20T10:14:38+00:00","breadcrumb":{"@id":"https:\/\/korner.eu\/de\/neue-bodenkollektion-natural-floor\/#breadcrumb"},"inLanguage":"de","potentialAction":[{"@type":"ReadAction","target":["https:\/\/korner.eu\/de\/neue-bodenkollektion-natural-floor\/"]}]},{"@type":"ImageObject","inLanguage":"de","@id":"https:\/\/korner.eu\/de\/neue-bodenkollektion-natural-floor\/#primaryimage","url":"https:\/\/korner.eu\/wp-content\/uploads\/2023\/02\/Natural-aktualnosci-DE.jpg","contentUrl":"https:\/\/korner.eu\/wp-content\/uploads\/2023\/02\/Natural-aktualnosci-DE.jpg","width":940,"height":788},{"@type":"BreadcrumbList","@id":"https:\/\/korner.eu\/de\/neue-bodenkollektion-natural-floor\/#breadcrumb","itemListElement":[{"@type":"ListItem","position":1,"name":"Strona g\u0142\u00f3wna","item":"https:\/\/korner.eu\/de\/"},{"@type":"ListItem","position":2,"name":"Neue Bodenkollektion &#8211; Natural Floor"}]},{"@type":"WebSite","@id":"https:\/\/korner.eu\/de\/#website","url":"https:\/\/korner.eu\/de\/","name":"Korner","description":"","publisher":{"@id":"https:\/\/korner.eu\/de\/#organization"},"potentialAction":[{"@type":"SearchAction","target":{"@type":"EntryPoint","urlTemplate":"https:\/\/korner.eu\/de\/?s={search_term_string}"},"query-input":{"@type":"PropertyValueSpecification","valueRequired":true,"valueName":"search_term_string"}}],"inLanguage":"de"},{"@type":"Organization","@id":"https:\/\/korner.eu\/de\/#organization","name":"Poli-Eco Tworzywa Sztuczne Sp. z o.o.","url":"https:\/\/korner.eu\/de\/","logo":{"@type":"ImageObject","inLanguage":"de","@id":"https:\/\/korner.eu\/de\/#\/schema\/logo\/image\/","url":"https:\/\/korner.eu\/wp-content\/uploads\/2020\/03\/logo.png","contentUrl":"https:\/\/korner.eu\/wp-content\/uploads\/2020\/03\/logo.png","width":180,"height":48,"caption":"Poli-Eco Tworzywa Sztuczne Sp. z o.o."},"image":{"@id":"https:\/\/korner.eu\/de\/#\/schema\/logo\/image\/"},"sameAs":["https:\/\/www.facebook.com\/korner.producent\/","https:\/\/www.instagram.com\/korner.producer\/","https:\/\/www.linkedin.com\/in\/korner-producer\/"]},{"@type":"Person","@id":"https:\/\/korner.eu\/de\/#\/schema\/person\/7823162edb4d5e24a5245bc2966cf277","name":"korner-admin","image":{"@type":"ImageObject","inLanguage":"de","@id":"https:\/\/korner.eu\/de\/#\/schema\/person\/image\/","url":"https:\/\/secure.gravatar.com\/avatar\/6ddbafb509e3a8fb21daf5e4493783ee?s=96&d=mm&r=g","contentUrl":"https:\/\/secure.gravatar.com\/avatar\/6ddbafb509e3a8fb21daf5e4493783ee?s=96&d=mm&r=g","caption":"korner-admin"},"url":"https:\/\/korner.eu\/de\/author\/korner-admin\/"}]}},"_links":{"self":[{"href":"https:\/\/korner.eu\/de\/wp-json\/wp\/v2\/posts\/20230","targetHints":{"allow":["GET"]}}],"collection":[{"href":"https:\/\/korner.eu\/de\/wp-json\/wp\/v2\/posts"}],"about":[{"href":"https:\/\/korner.eu\/de\/wp-json\/wp\/v2\/types\/post"}],"author":[{"embeddable":true,"href":"https:\/\/korner.eu\/de\/wp-json\/wp\/v2\/users\/5"}],"replies":[{"embeddable":true,"href":"https:\/\/korner.eu\/de\/wp-json\/wp\/v2\/comments?post=20230"}],"version-history":[{"count":1,"href":"https:\/\/korner.eu\/de\/wp-json\/wp\/v2\/posts\/20230\/revisions"}],"predecessor-version":[{"id":20236,"href":"https:\/\/korner.eu\/de\/wp-json\/wp\/v2\/posts\/20230\/revisions\/20236"}],"wp:featuredmedia":[{"embeddable":true,"href":"https:\/\/korner.eu\/de\/wp-json\/wp\/v2\/media\/20232"}],"wp:attachment":[{"href":"https:\/\/korner.eu\/de\/wp-json\/wp\/v2\/media?parent=20230"}],"wp:term":[{"taxonomy":"category","embeddable":true,"href":"https:\/\/korner.eu\/de\/wp-json\/wp\/v2\/categories?post=20230"},{"taxonomy":"post_tag","embeddable":true,"href":"https:\/\/korner.eu\/de\/wp-json\/wp\/v2\/tags?post=20230"}],"curies":[{"name":"wp","href":"https:\/\/api.w.org\/{rel}","templated":true}]}}