{"id":11439,"date":"2017-01-02T10:58:22","date_gmt":"2017-01-02T10:58:22","guid":{"rendered":"https:\/\/korner.eu\/nowa-kolorystyka-listew-przyblatowych-korner\/"},"modified":"2020-05-27T12:46:25","modified_gmt":"2020-05-27T12:46:25","slug":"nowa-kolorystyka-listew-przyblatowych-korner","status":"publish","type":"post","link":"https:\/\/korner.eu\/de\/nowa-kolorystyka-listew-przyblatowych-korner\/","title":{"rendered":"Neue Farbpalette der Wandabschlussprofile Korner"},"content":{"rendered":"\n<section id=\"korner-block_5ece472bf7785\" class=\"space-section   \" >\n\t<div class=\"space-block hide-for-small\" style=\"background-color:#FFFFFF; height: 30px;\" ><\/div>\n\t<div class=\"space-block show-for-small\" style=\"background-color:#FFFFFF; height: 20px;\" ><\/div>\n<\/section><div class=\"row column default-GB clearfix\">\n\n<\/div><div class=\"row column default-GB clearfix\">\n<h3 class=\"wp-block-heading\">Neue Farbpalette der Wandabschlussprofile Korner<\/h3>\n<\/div><div class=\"row column default-GB clearfix\">\n\n<\/div><div class=\"row column default-GB clearfix\">\n<div class=\"wp-block-media-text alignwide is-stacked-on-mobile\"><figure class=\"wp-block-media-text__media\"><img decoding=\"async\" width=\"938\" height=\"592\" src=\"https:\/\/korner.eu\/wp-content\/uploads\/2020\/05\/Screenshot_4.png\" alt=\"\" class=\"wp-image-11359\" srcset=\"https:\/\/korner.eu\/wp-content\/uploads\/2020\/05\/Screenshot_4.png 938w, https:\/\/korner.eu\/wp-content\/uploads\/2020\/05\/Screenshot_4-300x189.png 300w, https:\/\/korner.eu\/wp-content\/uploads\/2020\/05\/Screenshot_4-768x485.png 768w, https:\/\/korner.eu\/wp-content\/uploads\/2020\/05\/Screenshot_4-200x126.png 200w, https:\/\/korner.eu\/wp-content\/uploads\/2020\/05\/Screenshot_4-400x252.png 400w, https:\/\/korner.eu\/wp-content\/uploads\/2020\/05\/Screenshot_4-767x484.png 767w, https:\/\/korner.eu\/wp-content\/uploads\/2020\/05\/Screenshot_4-190x120.png 190w\" sizes=\"(max-width: 938px) 100vw, 938px\" \/><\/figure><div class=\"wp-block-media-text__content\"><div class=\"row column default-GB clearfix\">\n<p>Auf der Suche nach den neuen Trends er\u00f6ffnen wir das neue Jahr mit der Erweiterung der Kollektion unserer Abschlussleisten LB 23 und LB 37 um neue Farben. F\u00fcr die Abschlussleisten LB 23 bieten wir jetzt 19 neue Designs an, die Kollektion LB 37 ist sogar um 39 neue Designs gr\u00f6\u00dfer. S\u00e4mtliche Neuheiten\u201eNEW&#8220; finden Sie unter dem Reiter F\u00fcr neue Designs haben wir komplettes Zubeh\u00f6r entwickelt, dessen Teile genauso wie das Leistendesign angestrichen und beschichtet werden.<br>Schauen Sie sich unser neues Angebot gleich an.<\/p>\n<\/div><\/div><\/div>\n<\/div><div class=\"row column default-GB clearfix\">\n\n<\/div><div class=\"row column default-GB clearfix\">\n<p><\/p>\n<\/div><div class=\"row column default-GB clearfix\">\n\n<\/div>\n<section id=\"korner-block_5ece4871f7786\" class=\"space-section   \" >\n\t<div class=\"space-block hide-for-small\" style=\"background-color:#FFFFFF; height: 30px;\" ><\/div>\n\t<div class=\"space-block show-for-small\" style=\"background-color:#FFFFFF; height: 20px;\" ><\/div>\n<\/section>","protected":false},"excerpt":{"rendered":"<p>Auf der Suche nach den neuen Trends er\u00f6ffnen wir das neue Jahr mit der Erweiterung der Kollektion unserer Abschlussleisten LB 23 und LB 37 um neue Farben. F\u00fcr die Abschlussleisten LB 23 bieten wir jetzt 19 neue Designs an, die Kollektion LB 37 ist sogar um 39 neue Designs gr\u00f6\u00dfer. <\/p>\n","protected":false},"author":1,"featured_media":11361,"comment_status":"open","ping_status":"open","sticky":false,"template":"","format":"standard","meta":{"_acf_changed":false,"footnotes":""},"categories":[50],"tags":[],"class_list":["post-11439","post","type-post","status-publish","format-standard","has-post-thumbnail","hentry","category-unkategorisiert"],"acf":[],"yoast_head":"<!-- This site is optimized with the Yoast SEO plugin v24.3 - https:\/\/yoast.com\/wordpress\/plugins\/seo\/ -->\n<title>Neue Farbpalette der Wandabschlussprofile Korner - Korner<\/title>\n<meta name=\"robots\" content=\"index, follow, max-snippet:-1, max-image-preview:large, max-video-preview:-1\" \/>\n<link rel=\"canonical\" href=\"https:\/\/korner.eu\/de\/nowa-kolorystyka-listew-przyblatowych-korner\/\" \/>\n<meta property=\"og:locale\" content=\"de_DE\" \/>\n<meta property=\"og:type\" content=\"article\" \/>\n<meta property=\"og:title\" content=\"Neue Farbpalette der Wandabschlussprofile Korner - Korner\" \/>\n<meta property=\"og:description\" content=\"Auf der Suche nach den neuen Trends er\u00f6ffnen wir das neue Jahr mit der Erweiterung der Kollektion unserer Abschlussleisten LB 23 und LB 37 um neue Farben. F\u00fcr die Abschlussleisten LB 23 bieten wir jetzt 19 neue Designs an, die Kollektion LB 37 ist sogar um 39 neue Designs gr\u00f6\u00dfer.\" \/>\n<meta property=\"og:url\" content=\"https:\/\/korner.eu\/de\/nowa-kolorystyka-listew-przyblatowych-korner\/\" \/>\n<meta property=\"og:site_name\" content=\"Korner\" \/>\n<meta property=\"article:publisher\" content=\"https:\/\/www.facebook.com\/korner.producent\/\" \/>\n<meta property=\"article:published_time\" content=\"2017-01-02T10:58:22+00:00\" \/>\n<meta property=\"article:modified_time\" content=\"2020-05-27T12:46:25+00:00\" \/>\n<meta property=\"og:image\" content=\"https:\/\/korner.eu\/wp-content\/uploads\/2020\/05\/Screenshot_4.png\" \/>\n\t<meta property=\"og:image:width\" content=\"938\" \/>\n\t<meta property=\"og:image:height\" content=\"592\" \/>\n\t<meta property=\"og:image:type\" content=\"image\/png\" \/>\n<meta name=\"author\" content=\"Charasim\" \/>\n<meta name=\"twitter:card\" content=\"summary_large_image\" \/>\n<meta name=\"twitter:label1\" content=\"Verfasst von\" \/>\n\t<meta name=\"twitter:data1\" content=\"Charasim\" \/>\n<script type=\"application\/ld+json\" class=\"yoast-schema-graph\">{\"@context\":\"https:\/\/schema.org\",\"@graph\":[{\"@type\":\"Article\",\"@id\":\"https:\/\/korner.eu\/de\/nowa-kolorystyka-listew-przyblatowych-korner\/#article\",\"isPartOf\":{\"@id\":\"https:\/\/korner.eu\/de\/nowa-kolorystyka-listew-przyblatowych-korner\/\"},\"author\":{\"name\":\"Charasim\",\"@id\":\"https:\/\/korner.eu\/de\/#\/schema\/person\/5550548cadd71b9f9ddde82bad974c8e\"},\"headline\":\"Neue Farbpalette der Wandabschlussprofile Korner\",\"datePublished\":\"2017-01-02T10:58:22+00:00\",\"dateModified\":\"2020-05-27T12:46:25+00:00\",\"mainEntityOfPage\":{\"@id\":\"https:\/\/korner.eu\/de\/nowa-kolorystyka-listew-przyblatowych-korner\/\"},\"wordCount\":94,\"commentCount\":0,\"publisher\":{\"@id\":\"https:\/\/korner.eu\/de\/#organization\"},\"image\":{\"@id\":\"https:\/\/korner.eu\/de\/nowa-kolorystyka-listew-przyblatowych-korner\/#primaryimage\"},\"thumbnailUrl\":\"https:\/\/korner.eu\/wp-content\/uploads\/2020\/05\/Screenshot_4.png\",\"articleSection\":[\"Unkategorisiert\"],\"inLanguage\":\"de\",\"potentialAction\":[{\"@type\":\"CommentAction\",\"name\":\"Comment\",\"target\":[\"https:\/\/korner.eu\/de\/nowa-kolorystyka-listew-przyblatowych-korner\/#respond\"]}]},{\"@type\":\"WebPage\",\"@id\":\"https:\/\/korner.eu\/de\/nowa-kolorystyka-listew-przyblatowych-korner\/\",\"url\":\"https:\/\/korner.eu\/de\/nowa-kolorystyka-listew-przyblatowych-korner\/\",\"name\":\"Neue Farbpalette der Wandabschlussprofile Korner - Korner\",\"isPartOf\":{\"@id\":\"https:\/\/korner.eu\/de\/#website\"},\"primaryImageOfPage\":{\"@id\":\"https:\/\/korner.eu\/de\/nowa-kolorystyka-listew-przyblatowych-korner\/#primaryimage\"},\"image\":{\"@id\":\"https:\/\/korner.eu\/de\/nowa-kolorystyka-listew-przyblatowych-korner\/#primaryimage\"},\"thumbnailUrl\":\"https:\/\/korner.eu\/wp-content\/uploads\/2020\/05\/Screenshot_4.png\",\"datePublished\":\"2017-01-02T10:58:22+00:00\",\"dateModified\":\"2020-05-27T12:46:25+00:00\",\"breadcrumb\":{\"@id\":\"https:\/\/korner.eu\/de\/nowa-kolorystyka-listew-przyblatowych-korner\/#breadcrumb\"},\"inLanguage\":\"de\",\"potentialAction\":[{\"@type\":\"ReadAction\",\"target\":[\"https:\/\/korner.eu\/de\/nowa-kolorystyka-listew-przyblatowych-korner\/\"]}]},{\"@type\":\"ImageObject\",\"inLanguage\":\"de\",\"@id\":\"https:\/\/korner.eu\/de\/nowa-kolorystyka-listew-przyblatowych-korner\/#primaryimage\",\"url\":\"https:\/\/korner.eu\/wp-content\/uploads\/2020\/05\/Screenshot_4.png\",\"contentUrl\":\"https:\/\/korner.eu\/wp-content\/uploads\/2020\/05\/Screenshot_4.png\",\"width\":938,\"height\":592},{\"@type\":\"BreadcrumbList\",\"@id\":\"https:\/\/korner.eu\/de\/nowa-kolorystyka-listew-przyblatowych-korner\/#breadcrumb\",\"itemListElement\":[{\"@type\":\"ListItem\",\"position\":1,\"name\":\"Strona g\u0142\u00f3wna\",\"item\":\"https:\/\/korner.eu\/de\/\"},{\"@type\":\"ListItem\",\"position\":2,\"name\":\"Neue Farbpalette der Wandabschlussprofile Korner\"}]},{\"@type\":\"WebSite\",\"@id\":\"https:\/\/korner.eu\/de\/#website\",\"url\":\"https:\/\/korner.eu\/de\/\",\"name\":\"Korner\",\"description\":\"\",\"publisher\":{\"@id\":\"https:\/\/korner.eu\/de\/#organization\"},\"potentialAction\":[{\"@type\":\"SearchAction\",\"target\":{\"@type\":\"EntryPoint\",\"urlTemplate\":\"https:\/\/korner.eu\/de\/?s={search_term_string}\"},\"query-input\":{\"@type\":\"PropertyValueSpecification\",\"valueRequired\":true,\"valueName\":\"search_term_string\"}}],\"inLanguage\":\"de\"},{\"@type\":\"Organization\",\"@id\":\"https:\/\/korner.eu\/de\/#organization\",\"name\":\"Poli-Eco Tworzywa Sztuczne Sp. z o.o.\",\"url\":\"https:\/\/korner.eu\/de\/\",\"logo\":{\"@type\":\"ImageObject\",\"inLanguage\":\"de\",\"@id\":\"https:\/\/korner.eu\/de\/#\/schema\/logo\/image\/\",\"url\":\"https:\/\/korner.eu\/wp-content\/uploads\/2020\/03\/logo.png\",\"contentUrl\":\"https:\/\/korner.eu\/wp-content\/uploads\/2020\/03\/logo.png\",\"width\":180,\"height\":48,\"caption\":\"Poli-Eco Tworzywa Sztuczne Sp. z o.o.\"},\"image\":{\"@id\":\"https:\/\/korner.eu\/de\/#\/schema\/logo\/image\/\"},\"sameAs\":[\"https:\/\/www.facebook.com\/korner.producent\/\",\"https:\/\/www.instagram.com\/korner.producer\/\",\"https:\/\/www.linkedin.com\/in\/korner-producer\/\"]},{\"@type\":\"Person\",\"@id\":\"https:\/\/korner.eu\/de\/#\/schema\/person\/5550548cadd71b9f9ddde82bad974c8e\",\"name\":\"Charasim\",\"image\":{\"@type\":\"ImageObject\",\"inLanguage\":\"de\",\"@id\":\"https:\/\/korner.eu\/de\/#\/schema\/person\/image\/\",\"url\":\"https:\/\/secure.gravatar.com\/avatar\/d8f8ce1d7328330a559b9bdc4bc89e25?s=96&d=mm&r=g\",\"contentUrl\":\"https:\/\/secure.gravatar.com\/avatar\/d8f8ce1d7328330a559b9bdc4bc89e25?s=96&d=mm&r=g\",\"caption\":\"Charasim\"},\"url\":\"https:\/\/korner.eu\/de\/author\/charasim\/\"}]}<\/script>\n<!-- \/ Yoast SEO plugin. -->","yoast_head_json":{"title":"Neue Farbpalette der Wandabschlussprofile Korner - Korner","robots":{"index":"index","follow":"follow","max-snippet":"max-snippet:-1","max-image-preview":"max-image-preview:large","max-video-preview":"max-video-preview:-1"},"canonical":"https:\/\/korner.eu\/de\/nowa-kolorystyka-listew-przyblatowych-korner\/","og_locale":"de_DE","og_type":"article","og_title":"Neue Farbpalette der Wandabschlussprofile Korner - Korner","og_description":"Auf der Suche nach den neuen Trends er\u00f6ffnen wir das neue Jahr mit der Erweiterung der Kollektion unserer Abschlussleisten LB 23 und LB 37 um neue Farben. F\u00fcr die Abschlussleisten LB 23 bieten wir jetzt 19 neue Designs an, die Kollektion LB 37 ist sogar um 39 neue Designs gr\u00f6\u00dfer.","og_url":"https:\/\/korner.eu\/de\/nowa-kolorystyka-listew-przyblatowych-korner\/","og_site_name":"Korner","article_publisher":"https:\/\/www.facebook.com\/korner.producent\/","article_published_time":"2017-01-02T10:58:22+00:00","article_modified_time":"2020-05-27T12:46:25+00:00","og_image":[{"width":938,"height":592,"url":"https:\/\/korner.eu\/wp-content\/uploads\/2020\/05\/Screenshot_4.png","type":"image\/png"}],"author":"Charasim","twitter_card":"summary_large_image","twitter_misc":{"Verfasst von":"Charasim"},"schema":{"@context":"https:\/\/schema.org","@graph":[{"@type":"Article","@id":"https:\/\/korner.eu\/de\/nowa-kolorystyka-listew-przyblatowych-korner\/#article","isPartOf":{"@id":"https:\/\/korner.eu\/de\/nowa-kolorystyka-listew-przyblatowych-korner\/"},"author":{"name":"Charasim","@id":"https:\/\/korner.eu\/de\/#\/schema\/person\/5550548cadd71b9f9ddde82bad974c8e"},"headline":"Neue Farbpalette der Wandabschlussprofile Korner","datePublished":"2017-01-02T10:58:22+00:00","dateModified":"2020-05-27T12:46:25+00:00","mainEntityOfPage":{"@id":"https:\/\/korner.eu\/de\/nowa-kolorystyka-listew-przyblatowych-korner\/"},"wordCount":94,"commentCount":0,"publisher":{"@id":"https:\/\/korner.eu\/de\/#organization"},"image":{"@id":"https:\/\/korner.eu\/de\/nowa-kolorystyka-listew-przyblatowych-korner\/#primaryimage"},"thumbnailUrl":"https:\/\/korner.eu\/wp-content\/uploads\/2020\/05\/Screenshot_4.png","articleSection":["Unkategorisiert"],"inLanguage":"de","potentialAction":[{"@type":"CommentAction","name":"Comment","target":["https:\/\/korner.eu\/de\/nowa-kolorystyka-listew-przyblatowych-korner\/#respond"]}]},{"@type":"WebPage","@id":"https:\/\/korner.eu\/de\/nowa-kolorystyka-listew-przyblatowych-korner\/","url":"https:\/\/korner.eu\/de\/nowa-kolorystyka-listew-przyblatowych-korner\/","name":"Neue Farbpalette der Wandabschlussprofile Korner - Korner","isPartOf":{"@id":"https:\/\/korner.eu\/de\/#website"},"primaryImageOfPage":{"@id":"https:\/\/korner.eu\/de\/nowa-kolorystyka-listew-przyblatowych-korner\/#primaryimage"},"image":{"@id":"https:\/\/korner.eu\/de\/nowa-kolorystyka-listew-przyblatowych-korner\/#primaryimage"},"thumbnailUrl":"https:\/\/korner.eu\/wp-content\/uploads\/2020\/05\/Screenshot_4.png","datePublished":"2017-01-02T10:58:22+00:00","dateModified":"2020-05-27T12:46:25+00:00","breadcrumb":{"@id":"https:\/\/korner.eu\/de\/nowa-kolorystyka-listew-przyblatowych-korner\/#breadcrumb"},"inLanguage":"de","potentialAction":[{"@type":"ReadAction","target":["https:\/\/korner.eu\/de\/nowa-kolorystyka-listew-przyblatowych-korner\/"]}]},{"@type":"ImageObject","inLanguage":"de","@id":"https:\/\/korner.eu\/de\/nowa-kolorystyka-listew-przyblatowych-korner\/#primaryimage","url":"https:\/\/korner.eu\/wp-content\/uploads\/2020\/05\/Screenshot_4.png","contentUrl":"https:\/\/korner.eu\/wp-content\/uploads\/2020\/05\/Screenshot_4.png","width":938,"height":592},{"@type":"BreadcrumbList","@id":"https:\/\/korner.eu\/de\/nowa-kolorystyka-listew-przyblatowych-korner\/#breadcrumb","itemListElement":[{"@type":"ListItem","position":1,"name":"Strona g\u0142\u00f3wna","item":"https:\/\/korner.eu\/de\/"},{"@type":"ListItem","position":2,"name":"Neue Farbpalette der Wandabschlussprofile Korner"}]},{"@type":"WebSite","@id":"https:\/\/korner.eu\/de\/#website","url":"https:\/\/korner.eu\/de\/","name":"Korner","description":"","publisher":{"@id":"https:\/\/korner.eu\/de\/#organization"},"potentialAction":[{"@type":"SearchAction","target":{"@type":"EntryPoint","urlTemplate":"https:\/\/korner.eu\/de\/?s={search_term_string}"},"query-input":{"@type":"PropertyValueSpecification","valueRequired":true,"valueName":"search_term_string"}}],"inLanguage":"de"},{"@type":"Organization","@id":"https:\/\/korner.eu\/de\/#organization","name":"Poli-Eco Tworzywa Sztuczne Sp. z o.o.","url":"https:\/\/korner.eu\/de\/","logo":{"@type":"ImageObject","inLanguage":"de","@id":"https:\/\/korner.eu\/de\/#\/schema\/logo\/image\/","url":"https:\/\/korner.eu\/wp-content\/uploads\/2020\/03\/logo.png","contentUrl":"https:\/\/korner.eu\/wp-content\/uploads\/2020\/03\/logo.png","width":180,"height":48,"caption":"Poli-Eco Tworzywa Sztuczne Sp. z o.o."},"image":{"@id":"https:\/\/korner.eu\/de\/#\/schema\/logo\/image\/"},"sameAs":["https:\/\/www.facebook.com\/korner.producent\/","https:\/\/www.instagram.com\/korner.producer\/","https:\/\/www.linkedin.com\/in\/korner-producer\/"]},{"@type":"Person","@id":"https:\/\/korner.eu\/de\/#\/schema\/person\/5550548cadd71b9f9ddde82bad974c8e","name":"Charasim","image":{"@type":"ImageObject","inLanguage":"de","@id":"https:\/\/korner.eu\/de\/#\/schema\/person\/image\/","url":"https:\/\/secure.gravatar.com\/avatar\/d8f8ce1d7328330a559b9bdc4bc89e25?s=96&d=mm&r=g","contentUrl":"https:\/\/secure.gravatar.com\/avatar\/d8f8ce1d7328330a559b9bdc4bc89e25?s=96&d=mm&r=g","caption":"Charasim"},"url":"https:\/\/korner.eu\/de\/author\/charasim\/"}]}},"_links":{"self":[{"href":"https:\/\/korner.eu\/de\/wp-json\/wp\/v2\/posts\/11439","targetHints":{"allow":["GET"]}}],"collection":[{"href":"https:\/\/korner.eu\/de\/wp-json\/wp\/v2\/posts"}],"about":[{"href":"https:\/\/korner.eu\/de\/wp-json\/wp\/v2\/types\/post"}],"author":[{"embeddable":true,"href":"https:\/\/korner.eu\/de\/wp-json\/wp\/v2\/users\/1"}],"replies":[{"embeddable":true,"href":"https:\/\/korner.eu\/de\/wp-json\/wp\/v2\/comments?post=11439"}],"version-history":[{"count":1,"href":"https:\/\/korner.eu\/de\/wp-json\/wp\/v2\/posts\/11439\/revisions"}],"predecessor-version":[{"id":11440,"href":"https:\/\/korner.eu\/de\/wp-json\/wp\/v2\/posts\/11439\/revisions\/11440"}],"wp:featuredmedia":[{"embeddable":true,"href":"https:\/\/korner.eu\/de\/wp-json\/wp\/v2\/media\/11361"}],"wp:attachment":[{"href":"https:\/\/korner.eu\/de\/wp-json\/wp\/v2\/media?parent=11439"}],"wp:term":[{"taxonomy":"category","embeddable":true,"href":"https:\/\/korner.eu\/de\/wp-json\/wp\/v2\/categories?post=11439"},{"taxonomy":"post_tag","embeddable":true,"href":"https:\/\/korner.eu\/de\/wp-json\/wp\/v2\/tags?post=11439"}],"curies":[{"name":"wp","href":"https:\/\/api.w.org\/{rel}","templated":true}]}}