{"id":11437,"date":"2017-02-01T10:53:57","date_gmt":"2017-02-01T10:53:57","guid":{"rendered":"https:\/\/korner.eu\/listwy-przypodlogowe-mdf-modena\/"},"modified":"2020-05-27T12:35:16","modified_gmt":"2020-05-27T12:35:16","slug":"listwy-przypodlogowe-mdf-modena","status":"publish","type":"post","link":"https:\/\/korner.eu\/de\/listwy-przypodlogowe-mdf-modena\/","title":{"rendered":"Sockelleisten MDF \u201eModena\u201d"},"content":{"rendered":"\n<section id=\"korner-block_5ece467390085\" class=\"space-section   \" >\n\t<div class=\"space-block hide-for-small\" style=\"background-color:#FFFFFF; height: 30px;\" ><\/div>\n\t<div class=\"space-block show-for-small\" style=\"background-color:#FFFFFF; height: 20px;\" ><\/div>\n<\/section><div class=\"row column default-GB clearfix\">\n\n<\/div><div class=\"row column default-GB clearfix\">\n<h3 class=\"wp-block-heading\">Sockelleisten MDF \u201eModena\u201d<\/h3>\n<\/div><div class=\"row column default-GB clearfix\">\n\n<\/div><div class=\"row column default-GB clearfix\">\n<div class=\"wp-block-media-text alignwide is-stacked-on-mobile\" style=\"grid-template-columns:46% auto\"><figure class=\"wp-block-media-text__media\"><img decoding=\"async\" width=\"1024\" height=\"683\" src=\"https:\/\/korner.eu\/wp-content\/uploads\/2020\/05\/Dollarphotoclub_41801082-1024x683.jpg\" alt=\"\" class=\"wp-image-11350\" srcset=\"https:\/\/korner.eu\/wp-content\/uploads\/2020\/05\/Dollarphotoclub_41801082-1024x683.jpg 1024w, https:\/\/korner.eu\/wp-content\/uploads\/2020\/05\/Dollarphotoclub_41801082-300x200.jpg 300w, https:\/\/korner.eu\/wp-content\/uploads\/2020\/05\/Dollarphotoclub_41801082-768x512.jpg 768w, https:\/\/korner.eu\/wp-content\/uploads\/2020\/05\/Dollarphotoclub_41801082-1536x1024.jpg 1536w, https:\/\/korner.eu\/wp-content\/uploads\/2020\/05\/Dollarphotoclub_41801082-200x133.jpg 200w, https:\/\/korner.eu\/wp-content\/uploads\/2020\/05\/Dollarphotoclub_41801082-400x267.jpg 400w, https:\/\/korner.eu\/wp-content\/uploads\/2020\/05\/Dollarphotoclub_41801082-767x511.jpg 767w, https:\/\/korner.eu\/wp-content\/uploads\/2020\/05\/Dollarphotoclub_41801082-180x120.jpg 180w, https:\/\/korner.eu\/wp-content\/uploads\/2020\/05\/Dollarphotoclub_41801082.jpg 2048w\" sizes=\"(max-width: 1024px) 100vw, 1024px\" \/><\/figure><div class=\"wp-block-media-text__content\"><div class=\"row column default-GB clearfix\">\n<p>Wir stellen Ihnen unsere neueste Kollektion von Sockelleisten<strong> MDF MODENA (der Marke KORNER) vor. Den Trends folgend, haben wir Sockelleisten mit H\u00f6hen von 70 mm, 80 mm, 90 mm und 100 mm entwickelt. Die Leisten aus dieser Kollektion sehen nicht nur gut aus, sie sind auch sehr robust und best\u00e4ndig gegen Besch\u00e4digungen infolge der Benutzung.<\/strong><\/p>\n<\/div>\n\n<div class=\"row column default-GB clearfix\">\n<p><strong>In dieser Kollektion finden Sie:<br>&#8211; Sockelleiste Modena 70 Classic<br>&#8211; Sockelleiste Modena 80 Classic<br>&#8211; Sockelleiste Modena 100 Classic<br>&#8211; Sockelleiste Modena 80 Retro<br>&#8211; Sockelleiste Modena 90 Elegante<\/strong><\/p>\n<\/div><\/div><\/div>\n<\/div><div class=\"row column default-GB clearfix\">\n\n<\/div><div class=\"row column default-GB clearfix\">\n<p><strong>Dar\u00fcber hinaus finden Sie in dieser Kollektion zwei Leisten aus der Kategorie Premium HIGH GLOSS, die mit einer hochwertigen PVC-Beschichtung in wei\u00df oder schwarz (70 mm) erh\u00e4ltlich sind. Die High-Gloss-Beschichtung verleiht der Sockelleiste eine einzigartige Optik, unterstreicht die Farbtiefe und ist zus\u00e4tzlich au\u00dfergew\u00f6hnlich robust. Erh\u00e4ltliche Sockelleisten:<br>*verschiedene H\u00f6hen<br>*verschiedene Formen\/*Hochglanz- oder Mattoberfl\u00e4che<br>*High Gloss Leisten sind mit Folie gesch\u00fctzt<\/strong><\/p>\n<\/div><div class=\"row column default-GB clearfix\">\n\n<\/div><div class=\"row column default-GB clearfix\">\n<p><strong>Die Sockelleiste ist vielleicht ein kleines, aber durchaus bedeutungsvolles Element der Inneneinrichtung, der nicht nur dem Boden aber auch dem gesamten Raum entsprechende Ambiente verleiht.<br>Schauen Sie sich unser Angebot an.<\/strong><br><br><a href=\"https:\/\/korner.eu\/produkty\/mdf-modena\/?lang=de\">https:\/\/korner.eu\/produkty\/mdf-modena\/?lang=de<\/a><\/p>\n<\/div><div class=\"row column default-GB clearfix\">\n\n<\/div>\n<section id=\"korner-block_5ece46dd90086\" class=\"space-section   \" >\n\t<div class=\"space-block hide-for-small\" style=\"background-color:#FFFFFF; height: 30px;\" ><\/div>\n\t<div class=\"space-block show-for-small\" style=\"background-color:#FFFFFF; height: 20px;\" ><\/div>\n<\/section>","protected":false},"excerpt":{"rendered":"<p>Wir stellen Ihnen unsere neueste Kollektion von Sockelleisten MDF MODENA (der Marke KORNER) vor. Den Trends folgend, haben wir Sockelleisten mit H\u00f6hen von 70 mm, 80 mm, 90 mm und 100 mm entwickelt. Die Leisten aus dieser Kollektion sehen nicht nur gut aus, sie sind auch sehr robust und best\u00e4ndig gegen Besch\u00e4digungen infolge der Benutzung.<\/p>\n","protected":false},"author":1,"featured_media":11352,"comment_status":"open","ping_status":"open","sticky":false,"template":"","format":"standard","meta":{"_acf_changed":false,"footnotes":""},"categories":[50],"tags":[],"class_list":["post-11437","post","type-post","status-publish","format-standard","has-post-thumbnail","hentry","category-unkategorisiert"],"acf":[],"yoast_head":"<!-- This site is optimized with the Yoast SEO plugin v24.3 - https:\/\/yoast.com\/wordpress\/plugins\/seo\/ -->\n<title>Sockelleisten MDF \u201eModena\u201d - Korner<\/title>\n<meta name=\"robots\" content=\"index, follow, max-snippet:-1, max-image-preview:large, max-video-preview:-1\" \/>\n<link rel=\"canonical\" href=\"https:\/\/korner.eu\/de\/listwy-przypodlogowe-mdf-modena\/\" \/>\n<meta property=\"og:locale\" content=\"de_DE\" \/>\n<meta property=\"og:type\" content=\"article\" \/>\n<meta property=\"og:title\" content=\"Sockelleisten MDF \u201eModena\u201d - Korner\" \/>\n<meta property=\"og:description\" content=\"Wir stellen Ihnen unsere neueste Kollektion von Sockelleisten MDF MODENA (der Marke KORNER) vor. Den Trends folgend, haben wir Sockelleisten mit H\u00f6hen von 70 mm, 80 mm, 90 mm und 100 mm entwickelt. Die Leisten aus dieser Kollektion sehen nicht nur gut aus, sie sind auch sehr robust und best\u00e4ndig gegen Besch\u00e4digungen infolge der Benutzung.\" \/>\n<meta property=\"og:url\" content=\"https:\/\/korner.eu\/de\/listwy-przypodlogowe-mdf-modena\/\" \/>\n<meta property=\"og:site_name\" content=\"Korner\" \/>\n<meta property=\"article:publisher\" content=\"https:\/\/www.facebook.com\/korner.producent\/\" \/>\n<meta property=\"article:published_time\" content=\"2017-02-01T10:53:57+00:00\" \/>\n<meta property=\"article:modified_time\" content=\"2020-05-27T12:35:16+00:00\" \/>\n<meta property=\"og:image\" content=\"https:\/\/korner.eu\/wp-content\/uploads\/2020\/05\/Dollarphotoclub_41801082.jpg\" \/>\n\t<meta property=\"og:image:width\" content=\"2048\" \/>\n\t<meta property=\"og:image:height\" content=\"1365\" \/>\n\t<meta property=\"og:image:type\" content=\"image\/jpeg\" \/>\n<meta name=\"author\" content=\"Charasim\" \/>\n<meta name=\"twitter:card\" content=\"summary_large_image\" \/>\n<meta name=\"twitter:label1\" content=\"Verfasst von\" \/>\n\t<meta name=\"twitter:data1\" content=\"Charasim\" \/>\n\t<meta name=\"twitter:label2\" content=\"Gesch\u00e4tzte Lesezeit\" \/>\n\t<meta name=\"twitter:data2\" content=\"1\u00a0Minute\" \/>\n<script type=\"application\/ld+json\" class=\"yoast-schema-graph\">{\"@context\":\"https:\/\/schema.org\",\"@graph\":[{\"@type\":\"Article\",\"@id\":\"https:\/\/korner.eu\/de\/listwy-przypodlogowe-mdf-modena\/#article\",\"isPartOf\":{\"@id\":\"https:\/\/korner.eu\/de\/listwy-przypodlogowe-mdf-modena\/\"},\"author\":{\"name\":\"Charasim\",\"@id\":\"https:\/\/korner.eu\/de\/#\/schema\/person\/5550548cadd71b9f9ddde82bad974c8e\"},\"headline\":\"Sockelleisten MDF \u201eModena\u201d\",\"datePublished\":\"2017-02-01T10:53:57+00:00\",\"dateModified\":\"2020-05-27T12:35:16+00:00\",\"mainEntityOfPage\":{\"@id\":\"https:\/\/korner.eu\/de\/listwy-przypodlogowe-mdf-modena\/\"},\"wordCount\":187,\"commentCount\":0,\"publisher\":{\"@id\":\"https:\/\/korner.eu\/de\/#organization\"},\"image\":{\"@id\":\"https:\/\/korner.eu\/de\/listwy-przypodlogowe-mdf-modena\/#primaryimage\"},\"thumbnailUrl\":\"https:\/\/korner.eu\/wp-content\/uploads\/2020\/05\/Dollarphotoclub_41801082.jpg\",\"articleSection\":[\"Unkategorisiert\"],\"inLanguage\":\"de\",\"potentialAction\":[{\"@type\":\"CommentAction\",\"name\":\"Comment\",\"target\":[\"https:\/\/korner.eu\/de\/listwy-przypodlogowe-mdf-modena\/#respond\"]}]},{\"@type\":\"WebPage\",\"@id\":\"https:\/\/korner.eu\/de\/listwy-przypodlogowe-mdf-modena\/\",\"url\":\"https:\/\/korner.eu\/de\/listwy-przypodlogowe-mdf-modena\/\",\"name\":\"Sockelleisten MDF \u201eModena\u201d - Korner\",\"isPartOf\":{\"@id\":\"https:\/\/korner.eu\/de\/#website\"},\"primaryImageOfPage\":{\"@id\":\"https:\/\/korner.eu\/de\/listwy-przypodlogowe-mdf-modena\/#primaryimage\"},\"image\":{\"@id\":\"https:\/\/korner.eu\/de\/listwy-przypodlogowe-mdf-modena\/#primaryimage\"},\"thumbnailUrl\":\"https:\/\/korner.eu\/wp-content\/uploads\/2020\/05\/Dollarphotoclub_41801082.jpg\",\"datePublished\":\"2017-02-01T10:53:57+00:00\",\"dateModified\":\"2020-05-27T12:35:16+00:00\",\"breadcrumb\":{\"@id\":\"https:\/\/korner.eu\/de\/listwy-przypodlogowe-mdf-modena\/#breadcrumb\"},\"inLanguage\":\"de\",\"potentialAction\":[{\"@type\":\"ReadAction\",\"target\":[\"https:\/\/korner.eu\/de\/listwy-przypodlogowe-mdf-modena\/\"]}]},{\"@type\":\"ImageObject\",\"inLanguage\":\"de\",\"@id\":\"https:\/\/korner.eu\/de\/listwy-przypodlogowe-mdf-modena\/#primaryimage\",\"url\":\"https:\/\/korner.eu\/wp-content\/uploads\/2020\/05\/Dollarphotoclub_41801082.jpg\",\"contentUrl\":\"https:\/\/korner.eu\/wp-content\/uploads\/2020\/05\/Dollarphotoclub_41801082.jpg\",\"width\":2048,\"height\":1365},{\"@type\":\"BreadcrumbList\",\"@id\":\"https:\/\/korner.eu\/de\/listwy-przypodlogowe-mdf-modena\/#breadcrumb\",\"itemListElement\":[{\"@type\":\"ListItem\",\"position\":1,\"name\":\"Strona g\u0142\u00f3wna\",\"item\":\"https:\/\/korner.eu\/de\/\"},{\"@type\":\"ListItem\",\"position\":2,\"name\":\"Sockelleisten MDF \u201eModena\u201d\"}]},{\"@type\":\"WebSite\",\"@id\":\"https:\/\/korner.eu\/de\/#website\",\"url\":\"https:\/\/korner.eu\/de\/\",\"name\":\"Korner\",\"description\":\"\",\"publisher\":{\"@id\":\"https:\/\/korner.eu\/de\/#organization\"},\"potentialAction\":[{\"@type\":\"SearchAction\",\"target\":{\"@type\":\"EntryPoint\",\"urlTemplate\":\"https:\/\/korner.eu\/de\/?s={search_term_string}\"},\"query-input\":{\"@type\":\"PropertyValueSpecification\",\"valueRequired\":true,\"valueName\":\"search_term_string\"}}],\"inLanguage\":\"de\"},{\"@type\":\"Organization\",\"@id\":\"https:\/\/korner.eu\/de\/#organization\",\"name\":\"Poli-Eco Tworzywa Sztuczne Sp. z o.o.\",\"url\":\"https:\/\/korner.eu\/de\/\",\"logo\":{\"@type\":\"ImageObject\",\"inLanguage\":\"de\",\"@id\":\"https:\/\/korner.eu\/de\/#\/schema\/logo\/image\/\",\"url\":\"https:\/\/korner.eu\/wp-content\/uploads\/2020\/03\/logo.png\",\"contentUrl\":\"https:\/\/korner.eu\/wp-content\/uploads\/2020\/03\/logo.png\",\"width\":180,\"height\":48,\"caption\":\"Poli-Eco Tworzywa Sztuczne Sp. z o.o.\"},\"image\":{\"@id\":\"https:\/\/korner.eu\/de\/#\/schema\/logo\/image\/\"},\"sameAs\":[\"https:\/\/www.facebook.com\/korner.producent\/\",\"https:\/\/www.instagram.com\/korner.producer\/\",\"https:\/\/www.linkedin.com\/in\/korner-producer\/\"]},{\"@type\":\"Person\",\"@id\":\"https:\/\/korner.eu\/de\/#\/schema\/person\/5550548cadd71b9f9ddde82bad974c8e\",\"name\":\"Charasim\",\"image\":{\"@type\":\"ImageObject\",\"inLanguage\":\"de\",\"@id\":\"https:\/\/korner.eu\/de\/#\/schema\/person\/image\/\",\"url\":\"https:\/\/secure.gravatar.com\/avatar\/d8f8ce1d7328330a559b9bdc4bc89e25?s=96&d=mm&r=g\",\"contentUrl\":\"https:\/\/secure.gravatar.com\/avatar\/d8f8ce1d7328330a559b9bdc4bc89e25?s=96&d=mm&r=g\",\"caption\":\"Charasim\"},\"url\":\"https:\/\/korner.eu\/de\/author\/charasim\/\"}]}<\/script>\n<!-- \/ Yoast SEO plugin. -->","yoast_head_json":{"title":"Sockelleisten MDF \u201eModena\u201d - Korner","robots":{"index":"index","follow":"follow","max-snippet":"max-snippet:-1","max-image-preview":"max-image-preview:large","max-video-preview":"max-video-preview:-1"},"canonical":"https:\/\/korner.eu\/de\/listwy-przypodlogowe-mdf-modena\/","og_locale":"de_DE","og_type":"article","og_title":"Sockelleisten MDF \u201eModena\u201d - Korner","og_description":"Wir stellen Ihnen unsere neueste Kollektion von Sockelleisten MDF MODENA (der Marke KORNER) vor. Den Trends folgend, haben wir Sockelleisten mit H\u00f6hen von 70 mm, 80 mm, 90 mm und 100 mm entwickelt. Die Leisten aus dieser Kollektion sehen nicht nur gut aus, sie sind auch sehr robust und best\u00e4ndig gegen Besch\u00e4digungen infolge der Benutzung.","og_url":"https:\/\/korner.eu\/de\/listwy-przypodlogowe-mdf-modena\/","og_site_name":"Korner","article_publisher":"https:\/\/www.facebook.com\/korner.producent\/","article_published_time":"2017-02-01T10:53:57+00:00","article_modified_time":"2020-05-27T12:35:16+00:00","og_image":[{"width":2048,"height":1365,"url":"https:\/\/korner.eu\/wp-content\/uploads\/2020\/05\/Dollarphotoclub_41801082.jpg","type":"image\/jpeg"}],"author":"Charasim","twitter_card":"summary_large_image","twitter_misc":{"Verfasst von":"Charasim","Gesch\u00e4tzte Lesezeit":"1\u00a0Minute"},"schema":{"@context":"https:\/\/schema.org","@graph":[{"@type":"Article","@id":"https:\/\/korner.eu\/de\/listwy-przypodlogowe-mdf-modena\/#article","isPartOf":{"@id":"https:\/\/korner.eu\/de\/listwy-przypodlogowe-mdf-modena\/"},"author":{"name":"Charasim","@id":"https:\/\/korner.eu\/de\/#\/schema\/person\/5550548cadd71b9f9ddde82bad974c8e"},"headline":"Sockelleisten MDF \u201eModena\u201d","datePublished":"2017-02-01T10:53:57+00:00","dateModified":"2020-05-27T12:35:16+00:00","mainEntityOfPage":{"@id":"https:\/\/korner.eu\/de\/listwy-przypodlogowe-mdf-modena\/"},"wordCount":187,"commentCount":0,"publisher":{"@id":"https:\/\/korner.eu\/de\/#organization"},"image":{"@id":"https:\/\/korner.eu\/de\/listwy-przypodlogowe-mdf-modena\/#primaryimage"},"thumbnailUrl":"https:\/\/korner.eu\/wp-content\/uploads\/2020\/05\/Dollarphotoclub_41801082.jpg","articleSection":["Unkategorisiert"],"inLanguage":"de","potentialAction":[{"@type":"CommentAction","name":"Comment","target":["https:\/\/korner.eu\/de\/listwy-przypodlogowe-mdf-modena\/#respond"]}]},{"@type":"WebPage","@id":"https:\/\/korner.eu\/de\/listwy-przypodlogowe-mdf-modena\/","url":"https:\/\/korner.eu\/de\/listwy-przypodlogowe-mdf-modena\/","name":"Sockelleisten MDF \u201eModena\u201d - Korner","isPartOf":{"@id":"https:\/\/korner.eu\/de\/#website"},"primaryImageOfPage":{"@id":"https:\/\/korner.eu\/de\/listwy-przypodlogowe-mdf-modena\/#primaryimage"},"image":{"@id":"https:\/\/korner.eu\/de\/listwy-przypodlogowe-mdf-modena\/#primaryimage"},"thumbnailUrl":"https:\/\/korner.eu\/wp-content\/uploads\/2020\/05\/Dollarphotoclub_41801082.jpg","datePublished":"2017-02-01T10:53:57+00:00","dateModified":"2020-05-27T12:35:16+00:00","breadcrumb":{"@id":"https:\/\/korner.eu\/de\/listwy-przypodlogowe-mdf-modena\/#breadcrumb"},"inLanguage":"de","potentialAction":[{"@type":"ReadAction","target":["https:\/\/korner.eu\/de\/listwy-przypodlogowe-mdf-modena\/"]}]},{"@type":"ImageObject","inLanguage":"de","@id":"https:\/\/korner.eu\/de\/listwy-przypodlogowe-mdf-modena\/#primaryimage","url":"https:\/\/korner.eu\/wp-content\/uploads\/2020\/05\/Dollarphotoclub_41801082.jpg","contentUrl":"https:\/\/korner.eu\/wp-content\/uploads\/2020\/05\/Dollarphotoclub_41801082.jpg","width":2048,"height":1365},{"@type":"BreadcrumbList","@id":"https:\/\/korner.eu\/de\/listwy-przypodlogowe-mdf-modena\/#breadcrumb","itemListElement":[{"@type":"ListItem","position":1,"name":"Strona g\u0142\u00f3wna","item":"https:\/\/korner.eu\/de\/"},{"@type":"ListItem","position":2,"name":"Sockelleisten MDF \u201eModena\u201d"}]},{"@type":"WebSite","@id":"https:\/\/korner.eu\/de\/#website","url":"https:\/\/korner.eu\/de\/","name":"Korner","description":"","publisher":{"@id":"https:\/\/korner.eu\/de\/#organization"},"potentialAction":[{"@type":"SearchAction","target":{"@type":"EntryPoint","urlTemplate":"https:\/\/korner.eu\/de\/?s={search_term_string}"},"query-input":{"@type":"PropertyValueSpecification","valueRequired":true,"valueName":"search_term_string"}}],"inLanguage":"de"},{"@type":"Organization","@id":"https:\/\/korner.eu\/de\/#organization","name":"Poli-Eco Tworzywa Sztuczne Sp. z o.o.","url":"https:\/\/korner.eu\/de\/","logo":{"@type":"ImageObject","inLanguage":"de","@id":"https:\/\/korner.eu\/de\/#\/schema\/logo\/image\/","url":"https:\/\/korner.eu\/wp-content\/uploads\/2020\/03\/logo.png","contentUrl":"https:\/\/korner.eu\/wp-content\/uploads\/2020\/03\/logo.png","width":180,"height":48,"caption":"Poli-Eco Tworzywa Sztuczne Sp. z o.o."},"image":{"@id":"https:\/\/korner.eu\/de\/#\/schema\/logo\/image\/"},"sameAs":["https:\/\/www.facebook.com\/korner.producent\/","https:\/\/www.instagram.com\/korner.producer\/","https:\/\/www.linkedin.com\/in\/korner-producer\/"]},{"@type":"Person","@id":"https:\/\/korner.eu\/de\/#\/schema\/person\/5550548cadd71b9f9ddde82bad974c8e","name":"Charasim","image":{"@type":"ImageObject","inLanguage":"de","@id":"https:\/\/korner.eu\/de\/#\/schema\/person\/image\/","url":"https:\/\/secure.gravatar.com\/avatar\/d8f8ce1d7328330a559b9bdc4bc89e25?s=96&d=mm&r=g","contentUrl":"https:\/\/secure.gravatar.com\/avatar\/d8f8ce1d7328330a559b9bdc4bc89e25?s=96&d=mm&r=g","caption":"Charasim"},"url":"https:\/\/korner.eu\/de\/author\/charasim\/"}]}},"_links":{"self":[{"href":"https:\/\/korner.eu\/de\/wp-json\/wp\/v2\/posts\/11437","targetHints":{"allow":["GET"]}}],"collection":[{"href":"https:\/\/korner.eu\/de\/wp-json\/wp\/v2\/posts"}],"about":[{"href":"https:\/\/korner.eu\/de\/wp-json\/wp\/v2\/types\/post"}],"author":[{"embeddable":true,"href":"https:\/\/korner.eu\/de\/wp-json\/wp\/v2\/users\/1"}],"replies":[{"embeddable":true,"href":"https:\/\/korner.eu\/de\/wp-json\/wp\/v2\/comments?post=11437"}],"version-history":[{"count":1,"href":"https:\/\/korner.eu\/de\/wp-json\/wp\/v2\/posts\/11437\/revisions"}],"predecessor-version":[{"id":11438,"href":"https:\/\/korner.eu\/de\/wp-json\/wp\/v2\/posts\/11437\/revisions\/11438"}],"wp:featuredmedia":[{"embeddable":true,"href":"https:\/\/korner.eu\/de\/wp-json\/wp\/v2\/media\/11352"}],"wp:attachment":[{"href":"https:\/\/korner.eu\/de\/wp-json\/wp\/v2\/media?parent=11437"}],"wp:term":[{"taxonomy":"category","embeddable":true,"href":"https:\/\/korner.eu\/de\/wp-json\/wp\/v2\/categories?post=11437"},{"taxonomy":"post_tag","embeddable":true,"href":"https:\/\/korner.eu\/de\/wp-json\/wp\/v2\/tags?post=11437"}],"curies":[{"name":"wp","href":"https:\/\/api.w.org\/{rel}","templated":true}]}}